{"id":8945,"date":"2023-09-09T15:28:00","date_gmt":"2023-09-09T14:28:00","guid":{"rendered":"https:\/\/www.lorenzovitalifoto.it\/site\/?p=8945"},"modified":"2025-11-07T14:53:25","modified_gmt":"2025-11-07T13:53:25","slug":"dazzling-light","status":"publish","type":"post","link":"https:\/\/www.lorenzovitalifoto.it\/site\/dazzling-light\/","title":{"rendered":"Dazzling light"},"content":{"rendered":"\n<p><\/p>\n\n\n\n<p><\/p>\n\n\n\n<p><strong>Luce bianca<\/strong><\/p>\n\n\n\n<p>Ho realizzato questo lavoro presso il Champalimaud Center for the Unknown,  progettato dall\u2019architetto Charles Correa.<\/p>\n\n\n\n<p>Questo complesso di edifici costituisce un centro di ricerca e diagnostica e sorge a Lisbona presso Alges, non lontano dal monumento a Colombo.<\/p>\n\n\n\n<p>Correa dice: \u201cCi\u00f2 che mi rende pi\u00f9 orgoglioso di questo progetto \u00e8 che NON \u00e8 un Museo di Arte Moderna.&nbsp;Al contrario, utilizza i pi\u00f9 alti livelli della scienza e della medicina contemporanee per aiutare le persone alle prese con problemi reali;&nbsp;cancro, danni cerebrali e diventare ciechi.&nbsp;E per ospitare queste attivit\u00e0 all&#8217;avanguardia, abbiamo cercato di creare un pezzo di architettura.&nbsp;Architettura come scultura.&nbsp;Architettura come bellezza.&nbsp;La bellezza come terapia\u201d<\/p>\n\n\n\n<p>Abbacinante luce bianca che accompagna i miei passi risonanti nel silenzioso azzurro.<\/p>\n\n\n\n<p>Solo la mente avverte un ronzio sordo: computer, apparecchiature medicali e di laboratorio scolpiscono la luminosa bellezza del prendersi cura del futuro della vita umana, minuto dopo minuto. Incessantemente.<\/p>\n\n\n\n<p>Questo lavoro ha ricevuto una Nomination da Fine Art Photography Awards<\/p>\n\n\n\n<p><strong>Dazzling light<\/strong><\/p>\n\n\n\n<p>This work was created by me at the Champalimaud Center for the Unknown, designed by architect Charles Correa.<\/p>\n\n\n\n<p>This complex of buildings is a research and diagnostics center and is located in Lisbon near Alges, not far from the Columbus monument.<\/p>\n\n\n\n<p>Correa says: \u201cWhat makes me most proud of this project is that it is NOT a Museum of Modern Art. Instead, it uses the highest levels of contemporary science and medicine to help people grappling with real problems; cancer, brain damage and going blind. And to house these cutting-edge activities, we have tried to create a piece of architecture. Architecture as sculpture. Architecture as beauty. Beauty as therapy.<\/p>\n\n\n\n<p>Dazzling white light that accompanies my resounding steps in the silent blue.<\/p>\n\n\n\n<p>Only the mind hears a dull hum: computers, medical and laboratory equipment sculpt the luminous beauty of taking care of the future of human life, minute by minute. Incessantly.<\/p>\n\n\n\n<p><strong>Nomination <\/strong>in Fine Art Photography Awards<\/p>\n\n\n\n<figure class=\"wp-block-gallery columns-1 is-cropped\"><ul class=\"blocks-gallery-grid\"><li class=\"blocks-gallery-item\"><figure><a href=\"https:\/\/www.lorenzovitalifoto.it\/site\/wp-content\/uploads\/2023\/03\/lorenzo_vitali_01.jpg\"><img loading=\"lazy\" width=\"800\" height=\"533\" src=\"https:\/\/www.lorenzovitalifoto.it\/site\/wp-content\/uploads\/2023\/03\/lorenzo_vitali_01.jpg\" alt=\"\" data-id=\"8946\" data-full-url=\"https:\/\/www.lorenzovitalifoto.it\/site\/wp-content\/uploads\/2023\/03\/lorenzo_vitali_01.jpg\" data-link=\"https:\/\/www.lorenzovitalifoto.it\/site\/?attachment_id=8946\" class=\"wp-image-8946\" srcset=\"https:\/\/www.lorenzovitalifoto.it\/site\/wp-content\/uploads\/2023\/03\/lorenzo_vitali_01.jpg 800w, https:\/\/www.lorenzovitalifoto.it\/site\/wp-content\/uploads\/2023\/03\/lorenzo_vitali_01-300x200.jpg 300w, https:\/\/www.lorenzovitalifoto.it\/site\/wp-content\/uploads\/2023\/03\/lorenzo_vitali_01-768x512.jpg 768w, https:\/\/www.lorenzovitalifoto.it\/site\/wp-content\/uploads\/2023\/03\/lorenzo_vitali_01-600x400.jpg 600w, https:\/\/www.lorenzovitalifoto.it\/site\/wp-content\/uploads\/2023\/03\/lorenzo_vitali_01-460x306.jpg 460w, https:\/\/www.lorenzovitalifoto.it\/site\/wp-content\/uploads\/2023\/03\/lorenzo_vitali_01-688x458.jpg 688w\" sizes=\"(max-width: 800px) 100vw, 800px\" \/><\/a><\/figure><\/li><li class=\"blocks-gallery-item\"><figure><a href=\"https:\/\/www.lorenzovitalifoto.it\/site\/wp-content\/uploads\/2023\/03\/lorenzo_vitali_02.jpg\"><img loading=\"lazy\" width=\"800\" height=\"533\" src=\"https:\/\/www.lorenzovitalifoto.it\/site\/wp-content\/uploads\/2023\/03\/lorenzo_vitali_02.jpg\" alt=\"\" data-id=\"8947\" data-full-url=\"https:\/\/www.lorenzovitalifoto.it\/site\/wp-content\/uploads\/2023\/03\/lorenzo_vitali_02.jpg\" data-link=\"https:\/\/www.lorenzovitalifoto.it\/site\/?attachment_id=8947\" class=\"wp-image-8947\" srcset=\"https:\/\/www.lorenzovitalifoto.it\/site\/wp-content\/uploads\/2023\/03\/lorenzo_vitali_02.jpg 800w, https:\/\/www.lorenzovitalifoto.it\/site\/wp-content\/uploads\/2023\/03\/lorenzo_vitali_02-300x200.jpg 300w, https:\/\/www.lorenzovitalifoto.it\/site\/wp-content\/uploads\/2023\/03\/lorenzo_vitali_02-768x512.jpg 768w, https:\/\/www.lorenzovitalifoto.it\/site\/wp-content\/uploads\/2023\/03\/lorenzo_vitali_02-600x400.jpg 600w, https:\/\/www.lorenzovitalifoto.it\/site\/wp-content\/uploads\/2023\/03\/lorenzo_vitali_02-460x306.jpg 460w, https:\/\/www.lorenzovitalifoto.it\/site\/wp-content\/uploads\/2023\/03\/lorenzo_vitali_02-688x458.jpg 688w\" sizes=\"(max-width: 800px) 100vw, 800px\" \/><\/a><\/figure><\/li><li class=\"blocks-gallery-item\"><figure><a href=\"https:\/\/www.lorenzovitalifoto.it\/site\/wp-content\/uploads\/2023\/03\/lorenzo_vitali_03.jpg\"><img loading=\"lazy\" width=\"800\" height=\"533\" src=\"https:\/\/www.lorenzovitalifoto.it\/site\/wp-content\/uploads\/2023\/03\/lorenzo_vitali_03.jpg\" alt=\"\" data-id=\"8948\" data-full-url=\"https:\/\/www.lorenzovitalifoto.it\/site\/wp-content\/uploads\/2023\/03\/lorenzo_vitali_03.jpg\" data-link=\"https:\/\/www.lorenzovitalifoto.it\/site\/?attachment_id=8948\" class=\"wp-image-8948\" srcset=\"https:\/\/www.lorenzovitalifoto.it\/site\/wp-content\/uploads\/2023\/03\/lorenzo_vitali_03.jpg 800w, https:\/\/www.lorenzovitalifoto.it\/site\/wp-content\/uploads\/2023\/03\/lorenzo_vitali_03-300x200.jpg 300w, https:\/\/www.lorenzovitalifoto.it\/site\/wp-content\/uploads\/2023\/03\/lorenzo_vitali_03-768x512.jpg 768w, https:\/\/www.lorenzovitalifoto.it\/site\/wp-content\/uploads\/2023\/03\/lorenzo_vitali_03-600x400.jpg 600w, https:\/\/www.lorenzovitalifoto.it\/site\/wp-content\/uploads\/2023\/03\/lorenzo_vitali_03-460x306.jpg 460w, https:\/\/www.lorenzovitalifoto.it\/site\/wp-content\/uploads\/2023\/03\/lorenzo_vitali_03-688x458.jpg 688w\" sizes=\"(max-width: 800px) 100vw, 800px\" \/><\/a><\/figure><\/li><li class=\"blocks-gallery-item\"><figure><a href=\"https:\/\/www.lorenzovitalifoto.it\/site\/wp-content\/uploads\/2023\/03\/lorenzo_vitali_04.jpg\"><img loading=\"lazy\" width=\"800\" height=\"533\" src=\"https:\/\/www.lorenzovitalifoto.it\/site\/wp-content\/uploads\/2023\/03\/lorenzo_vitali_04.jpg\" alt=\"\" data-id=\"8949\" data-full-url=\"https:\/\/www.lorenzovitalifoto.it\/site\/wp-content\/uploads\/2023\/03\/lorenzo_vitali_04.jpg\" data-link=\"https:\/\/www.lorenzovitalifoto.it\/site\/?attachment_id=8949\" class=\"wp-image-8949\" srcset=\"https:\/\/www.lorenzovitalifoto.it\/site\/wp-content\/uploads\/2023\/03\/lorenzo_vitali_04.jpg 800w, https:\/\/www.lorenzovitalifoto.it\/site\/wp-content\/uploads\/2023\/03\/lorenzo_vitali_04-300x200.jpg 300w, https:\/\/www.lorenzovitalifoto.it\/site\/wp-content\/uploads\/2023\/03\/lorenzo_vitali_04-768x512.jpg 768w, https:\/\/www.lorenzovitalifoto.it\/site\/wp-content\/uploads\/2023\/03\/lorenzo_vitali_04-600x400.jpg 600w, https:\/\/www.lorenzovitalifoto.it\/site\/wp-content\/uploads\/2023\/03\/lorenzo_vitali_04-460x306.jpg 460w, https:\/\/www.lorenzovitalifoto.it\/site\/wp-content\/uploads\/2023\/03\/lorenzo_vitali_04-688x458.jpg 688w\" sizes=\"(max-width: 800px) 100vw, 800px\" \/><\/a><\/figure><\/li><li class=\"blocks-gallery-item\"><figure><a href=\"https:\/\/www.lorenzovitalifoto.it\/site\/wp-content\/uploads\/2023\/03\/lorenzo_vitali_05.jpg\"><img loading=\"lazy\" width=\"800\" height=\"533\" src=\"https:\/\/www.lorenzovitalifoto.it\/site\/wp-content\/uploads\/2023\/03\/lorenzo_vitali_05.jpg\" alt=\"\" data-id=\"8950\" data-full-url=\"https:\/\/www.lorenzovitalifoto.it\/site\/wp-content\/uploads\/2023\/03\/lorenzo_vitali_05.jpg\" data-link=\"https:\/\/www.lorenzovitalifoto.it\/site\/?attachment_id=8950\" class=\"wp-image-8950\" srcset=\"https:\/\/www.lorenzovitalifoto.it\/site\/wp-content\/uploads\/2023\/03\/lorenzo_vitali_05.jpg 800w, https:\/\/www.lorenzovitalifoto.it\/site\/wp-content\/uploads\/2023\/03\/lorenzo_vitali_05-300x200.jpg 300w, https:\/\/www.lorenzovitalifoto.it\/site\/wp-content\/uploads\/2023\/03\/lorenzo_vitali_05-768x512.jpg 768w, https:\/\/www.lorenzovitalifoto.it\/site\/wp-content\/uploads\/2023\/03\/lorenzo_vitali_05-600x400.jpg 600w, https:\/\/www.lorenzovitalifoto.it\/site\/wp-content\/uploads\/2023\/03\/lorenzo_vitali_05-460x306.jpg 460w, https:\/\/www.lorenzovitalifoto.it\/site\/wp-content\/uploads\/2023\/03\/lorenzo_vitali_05-688x458.jpg 688w\" sizes=\"(max-width: 800px) 100vw, 800px\" \/><\/a><\/figure><\/li><li class=\"blocks-gallery-item\"><figure><a href=\"https:\/\/www.lorenzovitalifoto.it\/site\/wp-content\/uploads\/2023\/03\/lorenzo_vitali_07.jpg\"><img loading=\"lazy\" width=\"800\" height=\"533\" src=\"https:\/\/www.lorenzovitalifoto.it\/site\/wp-content\/uploads\/2023\/03\/lorenzo_vitali_07.jpg\" alt=\"\" data-id=\"8952\" data-full-url=\"https:\/\/www.lorenzovitalifoto.it\/site\/wp-content\/uploads\/2023\/03\/lorenzo_vitali_07.jpg\" data-link=\"https:\/\/www.lorenzovitalifoto.it\/site\/?attachment_id=8952\" class=\"wp-image-8952\" srcset=\"https:\/\/www.lorenzovitalifoto.it\/site\/wp-content\/uploads\/2023\/03\/lorenzo_vitali_07.jpg 800w, https:\/\/www.lorenzovitalifoto.it\/site\/wp-content\/uploads\/2023\/03\/lorenzo_vitali_07-300x200.jpg 300w, https:\/\/www.lorenzovitalifoto.it\/site\/wp-content\/uploads\/2023\/03\/lorenzo_vitali_07-768x512.jpg 768w, https:\/\/www.lorenzovitalifoto.it\/site\/wp-content\/uploads\/2023\/03\/lorenzo_vitali_07-600x400.jpg 600w, https:\/\/www.lorenzovitalifoto.it\/site\/wp-content\/uploads\/2023\/03\/lorenzo_vitali_07-460x306.jpg 460w, https:\/\/www.lorenzovitalifoto.it\/site\/wp-content\/uploads\/2023\/03\/lorenzo_vitali_07-688x458.jpg 688w\" sizes=\"(max-width: 800px) 100vw, 800px\" \/><\/a><\/figure><\/li><\/ul><\/figure>\n","protected":false},"excerpt":{"rendered":"<p>Luce bianca Ho realizzato questo lavoro presso il Champalimaud Center for the Unknown, progettato dall\u2019architetto Charles Correa. Questo complesso di edifici costituisce un centro di ricerca e diagnostica e sorge a Lisbona presso Alges, non lontano dal monumento a Colombo. Correa dice: \u201cCi\u00f2 che mi rende pi\u00f9 orgoglioso di questo progetto \u00e8 che NON \u00e8 &#8230;<\/p>\n","protected":false},"author":2,"featured_media":8953,"comment_status":"closed","ping_status":"closed","sticky":false,"template":"","format":"standard","meta":[],"categories":[45],"tags":[61,91,92,93,71,112,88,87,94,95,96],"_links":{"self":[{"href":"https:\/\/www.lorenzovitalifoto.it\/site\/wp-json\/wp\/v2\/posts\/8945"}],"collection":[{"href":"https:\/\/www.lorenzovitalifoto.it\/site\/wp-json\/wp\/v2\/posts"}],"about":[{"href":"https:\/\/www.lorenzovitalifoto.it\/site\/wp-json\/wp\/v2\/types\/post"}],"author":[{"embeddable":true,"href":"https:\/\/www.lorenzovitalifoto.it\/site\/wp-json\/wp\/v2\/users\/2"}],"replies":[{"embeddable":true,"href":"https:\/\/www.lorenzovitalifoto.it\/site\/wp-json\/wp\/v2\/comments?post=8945"}],"version-history":[{"count":6,"href":"https:\/\/www.lorenzovitalifoto.it\/site\/wp-json\/wp\/v2\/posts\/8945\/revisions"}],"predecessor-version":[{"id":9361,"href":"https:\/\/www.lorenzovitalifoto.it\/site\/wp-json\/wp\/v2\/posts\/8945\/revisions\/9361"}],"wp:featuredmedia":[{"embeddable":true,"href":"https:\/\/www.lorenzovitalifoto.it\/site\/wp-json\/wp\/v2\/media\/8953"}],"wp:attachment":[{"href":"https:\/\/www.lorenzovitalifoto.it\/site\/wp-json\/wp\/v2\/media?parent=8945"}],"wp:term":[{"taxonomy":"category","embeddable":true,"href":"https:\/\/www.lorenzovitalifoto.it\/site\/wp-json\/wp\/v2\/categories?post=8945"},{"taxonomy":"post_tag","embeddable":true,"href":"https:\/\/www.lorenzovitalifoto.it\/site\/wp-json\/wp\/v2\/tags?post=8945"}],"curies":[{"name":"wp","href":"https:\/\/api.w.org\/{rel}","templated":true}]}}