{"id":11297,"date":"2023-09-06T15:05:00","date_gmt":"2023-09-06T14:05:00","guid":{"rendered":"https:\/\/www.lorenzovitalifoto.it\/site\/?p=11297"},"modified":"2026-03-21T16:51:02","modified_gmt":"2026-03-21T15:51:02","slug":"la-route-des-grands-crus","status":"publish","type":"post","link":"https:\/\/www.lorenzovitalifoto.it\/site\/la-route-des-grands-crus\/","title":{"rendered":"La Route des Grands Crus"},"content":{"rendered":"\n<p>Percorrere i circa 60 km della Route des Grands Crus in Borgogna, piccolo territorio francese Patrimonio Unesco, da Dijon a Nuits-St-Georges e da Beaune a Santenay significa entrare profondamente in contatto con la terra del vino e i suoi vitigni: <em>chablis<\/em>, a nord est, <em>chardonnay<\/em>&nbsp;e&nbsp;<em>pinot noir<\/em>&nbsp;in C\u00f4te d&#8217;Or e C\u00f4te de Nuit. Si tratta di un percorso e di una realt\u00e0 sensoriale che vanno vissuti, come afferm\u00f2 Alex Langer,<em> lentius, profundius, suavius <\/em>(pi\u00f9 lento, pi\u00f9 profondo, pi\u00f9 dolce). I paesaggi rurali che si susseguono sono verdi e morbide colline, piccoli borghi medievali, muretti a secco, vigne che si perdono in una perfetta geometria di filari. Sparse nella campagna le case coloniche, caratterizzate da materiali come pietra e legno, presentano muri spessi, travi a vista e strutture a graticcio. Le immagini raccontano questo intenso viaggio.<\/p>\n\n\n\n<p>Traveling the approximately 60 km of the Route des Grands Crus in Burgundy, a small French territory listed as a UNESCO World Heritage Site, from Dijon to Nuits-St-Georges and from Beaune to Santenay means entering deeply into contact with the land of wine and its grape varieties: Chablis in the northeast, Chardonnay and Pinot Noir in the C\u00f4te d&#8217;Or and C\u00f4te de Nuit. It is a journey and a sensorial experience to be experienced, as Alex Langer once said, lentius, profundius, suavius \u200b\u200b(slower, deeper, sweeter). The unfolding rural landscapes are green and rolling hills, small medieval villages, dry stone walls, and vineyards stretching in a perfect geometric pattern. Scattered across the countryside are farmhouses, characterized by materials such as stone and wood, featuring thick walls, exposed beams, and half-timbered structures. The images tell the story of this intense journey.<\/p>\n\n\n\n<figure class=\"wp-block-gallery columns-1 is-cropped\"><ul class=\"blocks-gallery-grid\"><li class=\"blocks-gallery-item\"><figure><a href=\"https:\/\/www.lorenzovitalifoto.it\/site\/wp-content\/uploads\/2025\/11\/lorenzo_vitali_la-route-des-grands-crus-001.jpg\"><img loading=\"lazy\" width=\"800\" height=\"533\" src=\"https:\/\/www.lorenzovitalifoto.it\/site\/wp-content\/uploads\/2025\/11\/lorenzo_vitali_la-route-des-grands-crus-001.jpg\" alt=\"\" data-id=\"11298\" data-link=\"https:\/\/www.lorenzovitalifoto.it\/site\/?attachment_id=11298\" class=\"wp-image-11298\" srcset=\"https:\/\/www.lorenzovitalifoto.it\/site\/wp-content\/uploads\/2025\/11\/lorenzo_vitali_la-route-des-grands-crus-001.jpg 800w, https:\/\/www.lorenzovitalifoto.it\/site\/wp-content\/uploads\/2025\/11\/lorenzo_vitali_la-route-des-grands-crus-001-300x200.jpg 300w, https:\/\/www.lorenzovitalifoto.it\/site\/wp-content\/uploads\/2025\/11\/lorenzo_vitali_la-route-des-grands-crus-001-768x512.jpg 768w, https:\/\/www.lorenzovitalifoto.it\/site\/wp-content\/uploads\/2025\/11\/lorenzo_vitali_la-route-des-grands-crus-001-600x400.jpg 600w, https:\/\/www.lorenzovitalifoto.it\/site\/wp-content\/uploads\/2025\/11\/lorenzo_vitali_la-route-des-grands-crus-001-460x306.jpg 460w, https:\/\/www.lorenzovitalifoto.it\/site\/wp-content\/uploads\/2025\/11\/lorenzo_vitali_la-route-des-grands-crus-001-688x458.jpg 688w\" sizes=\"(max-width: 800px) 100vw, 800px\" \/><\/a><\/figure><\/li><li class=\"blocks-gallery-item\"><figure><a href=\"https:\/\/www.lorenzovitalifoto.it\/site\/wp-content\/uploads\/2025\/11\/lorenzo_vitali_la-route-des-grands-crus-002.jpg\"><img loading=\"lazy\" width=\"800\" height=\"533\" src=\"https:\/\/www.lorenzovitalifoto.it\/site\/wp-content\/uploads\/2025\/11\/lorenzo_vitali_la-route-des-grands-crus-002.jpg\" alt=\"\" data-id=\"11299\" data-link=\"https:\/\/www.lorenzovitalifoto.it\/site\/?attachment_id=11299\" class=\"wp-image-11299\" srcset=\"https:\/\/www.lorenzovitalifoto.it\/site\/wp-content\/uploads\/2025\/11\/lorenzo_vitali_la-route-des-grands-crus-002.jpg 800w, https:\/\/www.lorenzovitalifoto.it\/site\/wp-content\/uploads\/2025\/11\/lorenzo_vitali_la-route-des-grands-crus-002-300x200.jpg 300w, https:\/\/www.lorenzovitalifoto.it\/site\/wp-content\/uploads\/2025\/11\/lorenzo_vitali_la-route-des-grands-crus-002-768x512.jpg 768w, https:\/\/www.lorenzovitalifoto.it\/site\/wp-content\/uploads\/2025\/11\/lorenzo_vitali_la-route-des-grands-crus-002-600x400.jpg 600w, https:\/\/www.lorenzovitalifoto.it\/site\/wp-content\/uploads\/2025\/11\/lorenzo_vitali_la-route-des-grands-crus-002-460x306.jpg 460w, https:\/\/www.lorenzovitalifoto.it\/site\/wp-content\/uploads\/2025\/11\/lorenzo_vitali_la-route-des-grands-crus-002-688x458.jpg 688w\" sizes=\"(max-width: 800px) 100vw, 800px\" \/><\/a><\/figure><\/li><li class=\"blocks-gallery-item\"><figure><a href=\"https:\/\/www.lorenzovitalifoto.it\/site\/wp-content\/uploads\/2025\/11\/lorenzo_vitali_la-route-des-grands-crus-003.jpg\"><img loading=\"lazy\" width=\"800\" height=\"533\" src=\"https:\/\/www.lorenzovitalifoto.it\/site\/wp-content\/uploads\/2025\/11\/lorenzo_vitali_la-route-des-grands-crus-003.jpg\" alt=\"\" data-id=\"11300\" data-link=\"https:\/\/www.lorenzovitalifoto.it\/site\/?attachment_id=11300\" class=\"wp-image-11300\" srcset=\"https:\/\/www.lorenzovitalifoto.it\/site\/wp-content\/uploads\/2025\/11\/lorenzo_vitali_la-route-des-grands-crus-003.jpg 800w, https:\/\/www.lorenzovitalifoto.it\/site\/wp-content\/uploads\/2025\/11\/lorenzo_vitali_la-route-des-grands-crus-003-300x200.jpg 300w, https:\/\/www.lorenzovitalifoto.it\/site\/wp-content\/uploads\/2025\/11\/lorenzo_vitali_la-route-des-grands-crus-003-768x512.jpg 768w, https:\/\/www.lorenzovitalifoto.it\/site\/wp-content\/uploads\/2025\/11\/lorenzo_vitali_la-route-des-grands-crus-003-600x400.jpg 600w, https:\/\/www.lorenzovitalifoto.it\/site\/wp-content\/uploads\/2025\/11\/lorenzo_vitali_la-route-des-grands-crus-003-460x306.jpg 460w, https:\/\/www.lorenzovitalifoto.it\/site\/wp-content\/uploads\/2025\/11\/lorenzo_vitali_la-route-des-grands-crus-003-688x458.jpg 688w\" sizes=\"(max-width: 800px) 100vw, 800px\" \/><\/a><\/figure><\/li><li class=\"blocks-gallery-item\"><figure><a href=\"https:\/\/www.lorenzovitalifoto.it\/site\/wp-content\/uploads\/2025\/11\/lorenzo_vitali_la-route-des-grands-crus-004.jpg\"><img loading=\"lazy\" width=\"800\" height=\"533\" src=\"https:\/\/www.lorenzovitalifoto.it\/site\/wp-content\/uploads\/2025\/11\/lorenzo_vitali_la-route-des-grands-crus-004.jpg\" alt=\"\" data-id=\"11301\" data-link=\"https:\/\/www.lorenzovitalifoto.it\/site\/?attachment_id=11301\" class=\"wp-image-11301\" srcset=\"https:\/\/www.lorenzovitalifoto.it\/site\/wp-content\/uploads\/2025\/11\/lorenzo_vitali_la-route-des-grands-crus-004.jpg 800w, https:\/\/www.lorenzovitalifoto.it\/site\/wp-content\/uploads\/2025\/11\/lorenzo_vitali_la-route-des-grands-crus-004-300x200.jpg 300w, https:\/\/www.lorenzovitalifoto.it\/site\/wp-content\/uploads\/2025\/11\/lorenzo_vitali_la-route-des-grands-crus-004-768x512.jpg 768w, https:\/\/www.lorenzovitalifoto.it\/site\/wp-content\/uploads\/2025\/11\/lorenzo_vitali_la-route-des-grands-crus-004-600x400.jpg 600w, https:\/\/www.lorenzovitalifoto.it\/site\/wp-content\/uploads\/2025\/11\/lorenzo_vitali_la-route-des-grands-crus-004-460x306.jpg 460w, https:\/\/www.lorenzovitalifoto.it\/site\/wp-content\/uploads\/2025\/11\/lorenzo_vitali_la-route-des-grands-crus-004-688x458.jpg 688w\" sizes=\"(max-width: 800px) 100vw, 800px\" \/><\/a><\/figure><\/li><li class=\"blocks-gallery-item\"><figure><a href=\"https:\/\/www.lorenzovitalifoto.it\/site\/wp-content\/uploads\/2025\/11\/lorenzo_vitali_la-route-des-grands-crus-005.jpg\"><img loading=\"lazy\" width=\"800\" height=\"533\" src=\"https:\/\/www.lorenzovitalifoto.it\/site\/wp-content\/uploads\/2025\/11\/lorenzo_vitali_la-route-des-grands-crus-005.jpg\" alt=\"\" data-id=\"11302\" data-link=\"https:\/\/www.lorenzovitalifoto.it\/site\/?attachment_id=11302\" class=\"wp-image-11302\" srcset=\"https:\/\/www.lorenzovitalifoto.it\/site\/wp-content\/uploads\/2025\/11\/lorenzo_vitali_la-route-des-grands-crus-005.jpg 800w, https:\/\/www.lorenzovitalifoto.it\/site\/wp-content\/uploads\/2025\/11\/lorenzo_vitali_la-route-des-grands-crus-005-300x200.jpg 300w, https:\/\/www.lorenzovitalifoto.it\/site\/wp-content\/uploads\/2025\/11\/lorenzo_vitali_la-route-des-grands-crus-005-768x512.jpg 768w, https:\/\/www.lorenzovitalifoto.it\/site\/wp-content\/uploads\/2025\/11\/lorenzo_vitali_la-route-des-grands-crus-005-600x400.jpg 600w, https:\/\/www.lorenzovitalifoto.it\/site\/wp-content\/uploads\/2025\/11\/lorenzo_vitali_la-route-des-grands-crus-005-460x306.jpg 460w, https:\/\/www.lorenzovitalifoto.it\/site\/wp-content\/uploads\/2025\/11\/lorenzo_vitali_la-route-des-grands-crus-005-688x458.jpg 688w\" sizes=\"(max-width: 800px) 100vw, 800px\" \/><\/a><\/figure><\/li><li class=\"blocks-gallery-item\"><figure><a href=\"https:\/\/www.lorenzovitalifoto.it\/site\/wp-content\/uploads\/2025\/11\/lorenzo_vitali_la-route-des-grands-crus-006.jpg\"><img loading=\"lazy\" width=\"800\" height=\"533\" src=\"https:\/\/www.lorenzovitalifoto.it\/site\/wp-content\/uploads\/2025\/11\/lorenzo_vitali_la-route-des-grands-crus-006.jpg\" alt=\"\" data-id=\"11303\" data-link=\"https:\/\/www.lorenzovitalifoto.it\/site\/?attachment_id=11303\" class=\"wp-image-11303\" srcset=\"https:\/\/www.lorenzovitalifoto.it\/site\/wp-content\/uploads\/2025\/11\/lorenzo_vitali_la-route-des-grands-crus-006.jpg 800w, https:\/\/www.lorenzovitalifoto.it\/site\/wp-content\/uploads\/2025\/11\/lorenzo_vitali_la-route-des-grands-crus-006-300x200.jpg 300w, https:\/\/www.lorenzovitalifoto.it\/site\/wp-content\/uploads\/2025\/11\/lorenzo_vitali_la-route-des-grands-crus-006-768x512.jpg 768w, https:\/\/www.lorenzovitalifoto.it\/site\/wp-content\/uploads\/2025\/11\/lorenzo_vitali_la-route-des-grands-crus-006-600x400.jpg 600w, https:\/\/www.lorenzovitalifoto.it\/site\/wp-content\/uploads\/2025\/11\/lorenzo_vitali_la-route-des-grands-crus-006-460x306.jpg 460w, https:\/\/www.lorenzovitalifoto.it\/site\/wp-content\/uploads\/2025\/11\/lorenzo_vitali_la-route-des-grands-crus-006-688x458.jpg 688w\" sizes=\"(max-width: 800px) 100vw, 800px\" \/><\/a><\/figure><\/li><li class=\"blocks-gallery-item\"><figure><a href=\"https:\/\/www.lorenzovitalifoto.it\/site\/wp-content\/uploads\/2025\/11\/lorenzo_vitali_la-route-des-grands-crus-007.jpg\"><img loading=\"lazy\" width=\"800\" height=\"523\" src=\"https:\/\/www.lorenzovitalifoto.it\/site\/wp-content\/uploads\/2025\/11\/lorenzo_vitali_la-route-des-grands-crus-007.jpg\" alt=\"\" data-id=\"11304\" data-link=\"https:\/\/www.lorenzovitalifoto.it\/site\/?attachment_id=11304\" class=\"wp-image-11304\" srcset=\"https:\/\/www.lorenzovitalifoto.it\/site\/wp-content\/uploads\/2025\/11\/lorenzo_vitali_la-route-des-grands-crus-007.jpg 800w, https:\/\/www.lorenzovitalifoto.it\/site\/wp-content\/uploads\/2025\/11\/lorenzo_vitali_la-route-des-grands-crus-007-300x196.jpg 300w, https:\/\/www.lorenzovitalifoto.it\/site\/wp-content\/uploads\/2025\/11\/lorenzo_vitali_la-route-des-grands-crus-007-768x502.jpg 768w, https:\/\/www.lorenzovitalifoto.it\/site\/wp-content\/uploads\/2025\/11\/lorenzo_vitali_la-route-des-grands-crus-007-460x301.jpg 460w, https:\/\/www.lorenzovitalifoto.it\/site\/wp-content\/uploads\/2025\/11\/lorenzo_vitali_la-route-des-grands-crus-007-688x450.jpg 688w\" sizes=\"(max-width: 800px) 100vw, 800px\" \/><\/a><\/figure><\/li><li class=\"blocks-gallery-item\"><figure><a href=\"https:\/\/www.lorenzovitalifoto.it\/site\/wp-content\/uploads\/2025\/11\/lorenzo_vitali_la-route-des-grands-crus-008.jpg\"><img loading=\"lazy\" width=\"800\" height=\"533\" src=\"https:\/\/www.lorenzovitalifoto.it\/site\/wp-content\/uploads\/2025\/11\/lorenzo_vitali_la-route-des-grands-crus-008.jpg\" alt=\"\" data-id=\"11305\" data-link=\"https:\/\/www.lorenzovitalifoto.it\/site\/?attachment_id=11305\" class=\"wp-image-11305\" srcset=\"https:\/\/www.lorenzovitalifoto.it\/site\/wp-content\/uploads\/2025\/11\/lorenzo_vitali_la-route-des-grands-crus-008.jpg 800w, https:\/\/www.lorenzovitalifoto.it\/site\/wp-content\/uploads\/2025\/11\/lorenzo_vitali_la-route-des-grands-crus-008-300x200.jpg 300w, https:\/\/www.lorenzovitalifoto.it\/site\/wp-content\/uploads\/2025\/11\/lorenzo_vitali_la-route-des-grands-crus-008-768x512.jpg 768w, https:\/\/www.lorenzovitalifoto.it\/site\/wp-content\/uploads\/2025\/11\/lorenzo_vitali_la-route-des-grands-crus-008-600x400.jpg 600w, https:\/\/www.lorenzovitalifoto.it\/site\/wp-content\/uploads\/2025\/11\/lorenzo_vitali_la-route-des-grands-crus-008-460x306.jpg 460w, https:\/\/www.lorenzovitalifoto.it\/site\/wp-content\/uploads\/2025\/11\/lorenzo_vitali_la-route-des-grands-crus-008-688x458.jpg 688w\" sizes=\"(max-width: 800px) 100vw, 800px\" \/><\/a><\/figure><\/li><li class=\"blocks-gallery-item\"><figure><a href=\"https:\/\/www.lorenzovitalifoto.it\/site\/wp-content\/uploads\/2025\/11\/lorenzo_vitali_la-route-des-grands-crus-009.jpg\"><img loading=\"lazy\" width=\"800\" height=\"533\" src=\"https:\/\/www.lorenzovitalifoto.it\/site\/wp-content\/uploads\/2025\/11\/lorenzo_vitali_la-route-des-grands-crus-009.jpg\" alt=\"\" data-id=\"11306\" data-link=\"https:\/\/www.lorenzovitalifoto.it\/site\/?attachment_id=11306\" class=\"wp-image-11306\" srcset=\"https:\/\/www.lorenzovitalifoto.it\/site\/wp-content\/uploads\/2025\/11\/lorenzo_vitali_la-route-des-grands-crus-009.jpg 800w, https:\/\/www.lorenzovitalifoto.it\/site\/wp-content\/uploads\/2025\/11\/lorenzo_vitali_la-route-des-grands-crus-009-300x200.jpg 300w, https:\/\/www.lorenzovitalifoto.it\/site\/wp-content\/uploads\/2025\/11\/lorenzo_vitali_la-route-des-grands-crus-009-768x512.jpg 768w, https:\/\/www.lorenzovitalifoto.it\/site\/wp-content\/uploads\/2025\/11\/lorenzo_vitali_la-route-des-grands-crus-009-600x400.jpg 600w, https:\/\/www.lorenzovitalifoto.it\/site\/wp-content\/uploads\/2025\/11\/lorenzo_vitali_la-route-des-grands-crus-009-460x306.jpg 460w, https:\/\/www.lorenzovitalifoto.it\/site\/wp-content\/uploads\/2025\/11\/lorenzo_vitali_la-route-des-grands-crus-009-688x458.jpg 688w\" sizes=\"(max-width: 800px) 100vw, 800px\" \/><\/a><\/figure><\/li><li class=\"blocks-gallery-item\"><figure><a href=\"https:\/\/www.lorenzovitalifoto.it\/site\/wp-content\/uploads\/2026\/02\/La-Route-des-grands-Crus-009a.jpg\"><img loading=\"lazy\" width=\"800\" height=\"534\" src=\"https:\/\/www.lorenzovitalifoto.it\/site\/wp-content\/uploads\/2026\/02\/La-Route-des-grands-Crus-009a.jpg\" alt=\"\" data-id=\"11362\" data-full-url=\"https:\/\/www.lorenzovitalifoto.it\/site\/wp-content\/uploads\/2026\/02\/La-Route-des-grands-Crus-009a.jpg\" data-link=\"https:\/\/www.lorenzovitalifoto.it\/site\/la-route-des-grands-crus\/la-route-des-grands-crus-009a\/\" class=\"wp-image-11362\" srcset=\"https:\/\/www.lorenzovitalifoto.it\/site\/wp-content\/uploads\/2026\/02\/La-Route-des-grands-Crus-009a.jpg 800w, https:\/\/www.lorenzovitalifoto.it\/site\/wp-content\/uploads\/2026\/02\/La-Route-des-grands-Crus-009a-300x200.jpg 300w, https:\/\/www.lorenzovitalifoto.it\/site\/wp-content\/uploads\/2026\/02\/La-Route-des-grands-Crus-009a-768x513.jpg 768w, https:\/\/www.lorenzovitalifoto.it\/site\/wp-content\/uploads\/2026\/02\/La-Route-des-grands-Crus-009a-600x400.jpg 600w, https:\/\/www.lorenzovitalifoto.it\/site\/wp-content\/uploads\/2026\/02\/La-Route-des-grands-Crus-009a-460x307.jpg 460w, https:\/\/www.lorenzovitalifoto.it\/site\/wp-content\/uploads\/2026\/02\/La-Route-des-grands-Crus-009a-688x459.jpg 688w\" sizes=\"(max-width: 800px) 100vw, 800px\" \/><\/a><\/figure><\/li><li class=\"blocks-gallery-item\"><figure><a href=\"https:\/\/www.lorenzovitalifoto.it\/site\/wp-content\/uploads\/2025\/11\/lorenzo_vitali_la-route-des-grands-crus-010.jpg\"><img loading=\"lazy\" width=\"800\" height=\"533\" src=\"https:\/\/www.lorenzovitalifoto.it\/site\/wp-content\/uploads\/2025\/11\/lorenzo_vitali_la-route-des-grands-crus-010.jpg\" alt=\"\" data-id=\"11307\" data-link=\"https:\/\/www.lorenzovitalifoto.it\/site\/?attachment_id=11307\" class=\"wp-image-11307\" srcset=\"https:\/\/www.lorenzovitalifoto.it\/site\/wp-content\/uploads\/2025\/11\/lorenzo_vitali_la-route-des-grands-crus-010.jpg 800w, https:\/\/www.lorenzovitalifoto.it\/site\/wp-content\/uploads\/2025\/11\/lorenzo_vitali_la-route-des-grands-crus-010-300x200.jpg 300w, https:\/\/www.lorenzovitalifoto.it\/site\/wp-content\/uploads\/2025\/11\/lorenzo_vitali_la-route-des-grands-crus-010-768x512.jpg 768w, https:\/\/www.lorenzovitalifoto.it\/site\/wp-content\/uploads\/2025\/11\/lorenzo_vitali_la-route-des-grands-crus-010-600x400.jpg 600w, https:\/\/www.lorenzovitalifoto.it\/site\/wp-content\/uploads\/2025\/11\/lorenzo_vitali_la-route-des-grands-crus-010-460x306.jpg 460w, https:\/\/www.lorenzovitalifoto.it\/site\/wp-content\/uploads\/2025\/11\/lorenzo_vitali_la-route-des-grands-crus-010-688x458.jpg 688w\" sizes=\"(max-width: 800px) 100vw, 800px\" \/><\/a><\/figure><\/li><li class=\"blocks-gallery-item\"><figure><a href=\"https:\/\/www.lorenzovitalifoto.it\/site\/wp-content\/uploads\/2025\/11\/lorenzo_vitali_la-route-des-grands-crus-011.jpg\"><img loading=\"lazy\" width=\"800\" height=\"533\" src=\"https:\/\/www.lorenzovitalifoto.it\/site\/wp-content\/uploads\/2025\/11\/lorenzo_vitali_la-route-des-grands-crus-011.jpg\" alt=\"\" data-id=\"11308\" data-link=\"https:\/\/www.lorenzovitalifoto.it\/site\/?attachment_id=11308\" class=\"wp-image-11308\" srcset=\"https:\/\/www.lorenzovitalifoto.it\/site\/wp-content\/uploads\/2025\/11\/lorenzo_vitali_la-route-des-grands-crus-011.jpg 800w, https:\/\/www.lorenzovitalifoto.it\/site\/wp-content\/uploads\/2025\/11\/lorenzo_vitali_la-route-des-grands-crus-011-300x200.jpg 300w, https:\/\/www.lorenzovitalifoto.it\/site\/wp-content\/uploads\/2025\/11\/lorenzo_vitali_la-route-des-grands-crus-011-768x512.jpg 768w, https:\/\/www.lorenzovitalifoto.it\/site\/wp-content\/uploads\/2025\/11\/lorenzo_vitali_la-route-des-grands-crus-011-600x400.jpg 600w, https:\/\/www.lorenzovitalifoto.it\/site\/wp-content\/uploads\/2025\/11\/lorenzo_vitali_la-route-des-grands-crus-011-460x306.jpg 460w, https:\/\/www.lorenzovitalifoto.it\/site\/wp-content\/uploads\/2025\/11\/lorenzo_vitali_la-route-des-grands-crus-011-688x458.jpg 688w\" sizes=\"(max-width: 800px) 100vw, 800px\" \/><\/a><\/figure><\/li><li class=\"blocks-gallery-item\"><figure><a href=\"https:\/\/www.lorenzovitalifoto.it\/site\/wp-content\/uploads\/2025\/11\/lorenzo_vitali_la-route-des-grands-crus-012.jpg\"><img loading=\"lazy\" width=\"800\" height=\"533\" src=\"https:\/\/www.lorenzovitalifoto.it\/site\/wp-content\/uploads\/2025\/11\/lorenzo_vitali_la-route-des-grands-crus-012.jpg\" alt=\"\" data-id=\"11309\" data-link=\"https:\/\/www.lorenzovitalifoto.it\/site\/?attachment_id=11309\" class=\"wp-image-11309\" srcset=\"https:\/\/www.lorenzovitalifoto.it\/site\/wp-content\/uploads\/2025\/11\/lorenzo_vitali_la-route-des-grands-crus-012.jpg 800w, https:\/\/www.lorenzovitalifoto.it\/site\/wp-content\/uploads\/2025\/11\/lorenzo_vitali_la-route-des-grands-crus-012-300x200.jpg 300w, https:\/\/www.lorenzovitalifoto.it\/site\/wp-content\/uploads\/2025\/11\/lorenzo_vitali_la-route-des-grands-crus-012-768x512.jpg 768w, https:\/\/www.lorenzovitalifoto.it\/site\/wp-content\/uploads\/2025\/11\/lorenzo_vitali_la-route-des-grands-crus-012-600x400.jpg 600w, https:\/\/www.lorenzovitalifoto.it\/site\/wp-content\/uploads\/2025\/11\/lorenzo_vitali_la-route-des-grands-crus-012-460x306.jpg 460w, https:\/\/www.lorenzovitalifoto.it\/site\/wp-content\/uploads\/2025\/11\/lorenzo_vitali_la-route-des-grands-crus-012-688x458.jpg 688w\" sizes=\"(max-width: 800px) 100vw, 800px\" \/><\/a><\/figure><\/li><li class=\"blocks-gallery-item\"><figure><a href=\"https:\/\/www.lorenzovitalifoto.it\/site\/wp-content\/uploads\/2025\/11\/lorenzo_vitali_la-route-des-grands-crus-013.jpg\"><img loading=\"lazy\" width=\"800\" height=\"533\" src=\"https:\/\/www.lorenzovitalifoto.it\/site\/wp-content\/uploads\/2025\/11\/lorenzo_vitali_la-route-des-grands-crus-013.jpg\" alt=\"\" data-id=\"11310\" data-link=\"https:\/\/www.lorenzovitalifoto.it\/site\/?attachment_id=11310\" class=\"wp-image-11310\" srcset=\"https:\/\/www.lorenzovitalifoto.it\/site\/wp-content\/uploads\/2025\/11\/lorenzo_vitali_la-route-des-grands-crus-013.jpg 800w, https:\/\/www.lorenzovitalifoto.it\/site\/wp-content\/uploads\/2025\/11\/lorenzo_vitali_la-route-des-grands-crus-013-300x200.jpg 300w, https:\/\/www.lorenzovitalifoto.it\/site\/wp-content\/uploads\/2025\/11\/lorenzo_vitali_la-route-des-grands-crus-013-768x512.jpg 768w, https:\/\/www.lorenzovitalifoto.it\/site\/wp-content\/uploads\/2025\/11\/lorenzo_vitali_la-route-des-grands-crus-013-600x400.jpg 600w, https:\/\/www.lorenzovitalifoto.it\/site\/wp-content\/uploads\/2025\/11\/lorenzo_vitali_la-route-des-grands-crus-013-460x306.jpg 460w, https:\/\/www.lorenzovitalifoto.it\/site\/wp-content\/uploads\/2025\/11\/lorenzo_vitali_la-route-des-grands-crus-013-688x458.jpg 688w\" sizes=\"(max-width: 800px) 100vw, 800px\" \/><\/a><\/figure><\/li><li class=\"blocks-gallery-item\"><figure><a href=\"https:\/\/www.lorenzovitalifoto.it\/site\/wp-content\/uploads\/2025\/11\/lorenzo_vitali_la-route-des-grands-crus-014.jpg\"><img loading=\"lazy\" width=\"800\" height=\"533\" src=\"https:\/\/www.lorenzovitalifoto.it\/site\/wp-content\/uploads\/2025\/11\/lorenzo_vitali_la-route-des-grands-crus-014.jpg\" alt=\"\" data-id=\"11311\" data-link=\"https:\/\/www.lorenzovitalifoto.it\/site\/?attachment_id=11311\" class=\"wp-image-11311\" srcset=\"https:\/\/www.lorenzovitalifoto.it\/site\/wp-content\/uploads\/2025\/11\/lorenzo_vitali_la-route-des-grands-crus-014.jpg 800w, https:\/\/www.lorenzovitalifoto.it\/site\/wp-content\/uploads\/2025\/11\/lorenzo_vitali_la-route-des-grands-crus-014-300x200.jpg 300w, https:\/\/www.lorenzovitalifoto.it\/site\/wp-content\/uploads\/2025\/11\/lorenzo_vitali_la-route-des-grands-crus-014-768x512.jpg 768w, https:\/\/www.lorenzovitalifoto.it\/site\/wp-content\/uploads\/2025\/11\/lorenzo_vitali_la-route-des-grands-crus-014-600x400.jpg 600w, https:\/\/www.lorenzovitalifoto.it\/site\/wp-content\/uploads\/2025\/11\/lorenzo_vitali_la-route-des-grands-crus-014-460x306.jpg 460w, https:\/\/www.lorenzovitalifoto.it\/site\/wp-content\/uploads\/2025\/11\/lorenzo_vitali_la-route-des-grands-crus-014-688x458.jpg 688w\" sizes=\"(max-width: 800px) 100vw, 800px\" \/><\/a><\/figure><\/li><li class=\"blocks-gallery-item\"><figure><a href=\"https:\/\/www.lorenzovitalifoto.it\/site\/wp-content\/uploads\/2025\/11\/lorenzo_vitali_la-route-des-grands-crus-015.jpg\"><img loading=\"lazy\" width=\"800\" height=\"533\" src=\"https:\/\/www.lorenzovitalifoto.it\/site\/wp-content\/uploads\/2025\/11\/lorenzo_vitali_la-route-des-grands-crus-015.jpg\" alt=\"\" data-id=\"11312\" data-link=\"https:\/\/www.lorenzovitalifoto.it\/site\/?attachment_id=11312\" class=\"wp-image-11312\" srcset=\"https:\/\/www.lorenzovitalifoto.it\/site\/wp-content\/uploads\/2025\/11\/lorenzo_vitali_la-route-des-grands-crus-015.jpg 800w, https:\/\/www.lorenzovitalifoto.it\/site\/wp-content\/uploads\/2025\/11\/lorenzo_vitali_la-route-des-grands-crus-015-300x200.jpg 300w, https:\/\/www.lorenzovitalifoto.it\/site\/wp-content\/uploads\/2025\/11\/lorenzo_vitali_la-route-des-grands-crus-015-768x512.jpg 768w, https:\/\/www.lorenzovitalifoto.it\/site\/wp-content\/uploads\/2025\/11\/lorenzo_vitali_la-route-des-grands-crus-015-600x400.jpg 600w, https:\/\/www.lorenzovitalifoto.it\/site\/wp-content\/uploads\/2025\/11\/lorenzo_vitali_la-route-des-grands-crus-015-460x306.jpg 460w, https:\/\/www.lorenzovitalifoto.it\/site\/wp-content\/uploads\/2025\/11\/lorenzo_vitali_la-route-des-grands-crus-015-688x458.jpg 688w\" sizes=\"(max-width: 800px) 100vw, 800px\" \/><\/a><\/figure><\/li><li class=\"blocks-gallery-item\"><figure><a href=\"https:\/\/www.lorenzovitalifoto.it\/site\/wp-content\/uploads\/2025\/11\/lorenzo_vitali_la-route-des-grands-crus-016.jpg\"><img loading=\"lazy\" width=\"800\" height=\"533\" src=\"https:\/\/www.lorenzovitalifoto.it\/site\/wp-content\/uploads\/2025\/11\/lorenzo_vitali_la-route-des-grands-crus-016.jpg\" alt=\"\" data-id=\"11313\" data-link=\"https:\/\/www.lorenzovitalifoto.it\/site\/?attachment_id=11313\" class=\"wp-image-11313\" srcset=\"https:\/\/www.lorenzovitalifoto.it\/site\/wp-content\/uploads\/2025\/11\/lorenzo_vitali_la-route-des-grands-crus-016.jpg 800w, https:\/\/www.lorenzovitalifoto.it\/site\/wp-content\/uploads\/2025\/11\/lorenzo_vitali_la-route-des-grands-crus-016-300x200.jpg 300w, https:\/\/www.lorenzovitalifoto.it\/site\/wp-content\/uploads\/2025\/11\/lorenzo_vitali_la-route-des-grands-crus-016-768x512.jpg 768w, https:\/\/www.lorenzovitalifoto.it\/site\/wp-content\/uploads\/2025\/11\/lorenzo_vitali_la-route-des-grands-crus-016-600x400.jpg 600w, https:\/\/www.lorenzovitalifoto.it\/site\/wp-content\/uploads\/2025\/11\/lorenzo_vitali_la-route-des-grands-crus-016-460x306.jpg 460w, https:\/\/www.lorenzovitalifoto.it\/site\/wp-content\/uploads\/2025\/11\/lorenzo_vitali_la-route-des-grands-crus-016-688x458.jpg 688w\" sizes=\"(max-width: 800px) 100vw, 800px\" \/><\/a><\/figure><\/li><li class=\"blocks-gallery-item\"><figure><a href=\"https:\/\/www.lorenzovitalifoto.it\/site\/wp-content\/uploads\/2025\/11\/lorenzo_vitali_la-route-des-grands-crus-017.jpg\"><img loading=\"lazy\" width=\"800\" height=\"533\" src=\"https:\/\/www.lorenzovitalifoto.it\/site\/wp-content\/uploads\/2025\/11\/lorenzo_vitali_la-route-des-grands-crus-017.jpg\" alt=\"\" data-id=\"11314\" data-link=\"https:\/\/www.lorenzovitalifoto.it\/site\/?attachment_id=11314\" class=\"wp-image-11314\" srcset=\"https:\/\/www.lorenzovitalifoto.it\/site\/wp-content\/uploads\/2025\/11\/lorenzo_vitali_la-route-des-grands-crus-017.jpg 800w, https:\/\/www.lorenzovitalifoto.it\/site\/wp-content\/uploads\/2025\/11\/lorenzo_vitali_la-route-des-grands-crus-017-300x200.jpg 300w, https:\/\/www.lorenzovitalifoto.it\/site\/wp-content\/uploads\/2025\/11\/lorenzo_vitali_la-route-des-grands-crus-017-768x512.jpg 768w, https:\/\/www.lorenzovitalifoto.it\/site\/wp-content\/uploads\/2025\/11\/lorenzo_vitali_la-route-des-grands-crus-017-600x400.jpg 600w, https:\/\/www.lorenzovitalifoto.it\/site\/wp-content\/uploads\/2025\/11\/lorenzo_vitali_la-route-des-grands-crus-017-460x306.jpg 460w, https:\/\/www.lorenzovitalifoto.it\/site\/wp-content\/uploads\/2025\/11\/lorenzo_vitali_la-route-des-grands-crus-017-688x458.jpg 688w\" sizes=\"(max-width: 800px) 100vw, 800px\" \/><\/a><\/figure><\/li><li class=\"blocks-gallery-item\"><figure><a href=\"https:\/\/www.lorenzovitalifoto.it\/site\/wp-content\/uploads\/2026\/02\/La-Route-des-grands-Crus-017a.jpg\"><img loading=\"lazy\" width=\"800\" height=\"534\" src=\"https:\/\/www.lorenzovitalifoto.it\/site\/wp-content\/uploads\/2026\/02\/La-Route-des-grands-Crus-017a.jpg\" alt=\"\" data-id=\"11363\" data-full-url=\"https:\/\/www.lorenzovitalifoto.it\/site\/wp-content\/uploads\/2026\/02\/La-Route-des-grands-Crus-017a.jpg\" data-link=\"https:\/\/www.lorenzovitalifoto.it\/site\/la-route-des-grands-crus\/la-route-des-grands-crus-017a\/\" class=\"wp-image-11363\" srcset=\"https:\/\/www.lorenzovitalifoto.it\/site\/wp-content\/uploads\/2026\/02\/La-Route-des-grands-Crus-017a.jpg 800w, https:\/\/www.lorenzovitalifoto.it\/site\/wp-content\/uploads\/2026\/02\/La-Route-des-grands-Crus-017a-300x200.jpg 300w, https:\/\/www.lorenzovitalifoto.it\/site\/wp-content\/uploads\/2026\/02\/La-Route-des-grands-Crus-017a-768x513.jpg 768w, https:\/\/www.lorenzovitalifoto.it\/site\/wp-content\/uploads\/2026\/02\/La-Route-des-grands-Crus-017a-600x400.jpg 600w, https:\/\/www.lorenzovitalifoto.it\/site\/wp-content\/uploads\/2026\/02\/La-Route-des-grands-Crus-017a-460x307.jpg 460w, https:\/\/www.lorenzovitalifoto.it\/site\/wp-content\/uploads\/2026\/02\/La-Route-des-grands-Crus-017a-688x459.jpg 688w\" sizes=\"(max-width: 800px) 100vw, 800px\" \/><\/a><\/figure><\/li><li class=\"blocks-gallery-item\"><figure><a href=\"https:\/\/www.lorenzovitalifoto.it\/site\/wp-content\/uploads\/2025\/11\/lorenzo_vitali_la-route-des-grands-crus-018.jpg\"><img loading=\"lazy\" width=\"800\" height=\"533\" src=\"https:\/\/www.lorenzovitalifoto.it\/site\/wp-content\/uploads\/2025\/11\/lorenzo_vitali_la-route-des-grands-crus-018.jpg\" alt=\"\" data-id=\"11315\" data-link=\"https:\/\/www.lorenzovitalifoto.it\/site\/?attachment_id=11315\" class=\"wp-image-11315\" srcset=\"https:\/\/www.lorenzovitalifoto.it\/site\/wp-content\/uploads\/2025\/11\/lorenzo_vitali_la-route-des-grands-crus-018.jpg 800w, https:\/\/www.lorenzovitalifoto.it\/site\/wp-content\/uploads\/2025\/11\/lorenzo_vitali_la-route-des-grands-crus-018-300x200.jpg 300w, https:\/\/www.lorenzovitalifoto.it\/site\/wp-content\/uploads\/2025\/11\/lorenzo_vitali_la-route-des-grands-crus-018-768x512.jpg 768w, https:\/\/www.lorenzovitalifoto.it\/site\/wp-content\/uploads\/2025\/11\/lorenzo_vitali_la-route-des-grands-crus-018-600x400.jpg 600w, https:\/\/www.lorenzovitalifoto.it\/site\/wp-content\/uploads\/2025\/11\/lorenzo_vitali_la-route-des-grands-crus-018-460x306.jpg 460w, https:\/\/www.lorenzovitalifoto.it\/site\/wp-content\/uploads\/2025\/11\/lorenzo_vitali_la-route-des-grands-crus-018-688x458.jpg 688w\" sizes=\"(max-width: 800px) 100vw, 800px\" \/><\/a><\/figure><\/li><li class=\"blocks-gallery-item\"><figure><a href=\"https:\/\/www.lorenzovitalifoto.it\/site\/wp-content\/uploads\/2025\/11\/lorenzo_vitali_la-route-des-grands-crus-019.jpg\"><img loading=\"lazy\" width=\"800\" height=\"533\" src=\"https:\/\/www.lorenzovitalifoto.it\/site\/wp-content\/uploads\/2025\/11\/lorenzo_vitali_la-route-des-grands-crus-019.jpg\" alt=\"\" data-id=\"11316\" data-link=\"https:\/\/www.lorenzovitalifoto.it\/site\/?attachment_id=11316\" class=\"wp-image-11316\" srcset=\"https:\/\/www.lorenzovitalifoto.it\/site\/wp-content\/uploads\/2025\/11\/lorenzo_vitali_la-route-des-grands-crus-019.jpg 800w, https:\/\/www.lorenzovitalifoto.it\/site\/wp-content\/uploads\/2025\/11\/lorenzo_vitali_la-route-des-grands-crus-019-300x200.jpg 300w, https:\/\/www.lorenzovitalifoto.it\/site\/wp-content\/uploads\/2025\/11\/lorenzo_vitali_la-route-des-grands-crus-019-768x512.jpg 768w, https:\/\/www.lorenzovitalifoto.it\/site\/wp-content\/uploads\/2025\/11\/lorenzo_vitali_la-route-des-grands-crus-019-600x400.jpg 600w, https:\/\/www.lorenzovitalifoto.it\/site\/wp-content\/uploads\/2025\/11\/lorenzo_vitali_la-route-des-grands-crus-019-460x306.jpg 460w, https:\/\/www.lorenzovitalifoto.it\/site\/wp-content\/uploads\/2025\/11\/lorenzo_vitali_la-route-des-grands-crus-019-688x458.jpg 688w\" sizes=\"(max-width: 800px) 100vw, 800px\" \/><\/a><\/figure><\/li><li class=\"blocks-gallery-item\"><figure><a href=\"https:\/\/www.lorenzovitalifoto.it\/site\/wp-content\/uploads\/2025\/11\/lorenzo_vitali_la-route-des-grands-crus-020.jpg\"><img loading=\"lazy\" width=\"800\" height=\"533\" src=\"https:\/\/www.lorenzovitalifoto.it\/site\/wp-content\/uploads\/2025\/11\/lorenzo_vitali_la-route-des-grands-crus-020.jpg\" alt=\"\" data-id=\"11317\" data-link=\"https:\/\/www.lorenzovitalifoto.it\/site\/?attachment_id=11317\" class=\"wp-image-11317\" srcset=\"https:\/\/www.lorenzovitalifoto.it\/site\/wp-content\/uploads\/2025\/11\/lorenzo_vitali_la-route-des-grands-crus-020.jpg 800w, https:\/\/www.lorenzovitalifoto.it\/site\/wp-content\/uploads\/2025\/11\/lorenzo_vitali_la-route-des-grands-crus-020-300x200.jpg 300w, https:\/\/www.lorenzovitalifoto.it\/site\/wp-content\/uploads\/2025\/11\/lorenzo_vitali_la-route-des-grands-crus-020-768x512.jpg 768w, https:\/\/www.lorenzovitalifoto.it\/site\/wp-content\/uploads\/2025\/11\/lorenzo_vitali_la-route-des-grands-crus-020-600x400.jpg 600w, https:\/\/www.lorenzovitalifoto.it\/site\/wp-content\/uploads\/2025\/11\/lorenzo_vitali_la-route-des-grands-crus-020-460x306.jpg 460w, https:\/\/www.lorenzovitalifoto.it\/site\/wp-content\/uploads\/2025\/11\/lorenzo_vitali_la-route-des-grands-crus-020-688x458.jpg 688w\" sizes=\"(max-width: 800px) 100vw, 800px\" \/><\/a><\/figure><\/li><li class=\"blocks-gallery-item\"><figure><a href=\"https:\/\/www.lorenzovitalifoto.it\/site\/wp-content\/uploads\/2025\/11\/lorenzo_vitali_la-route-des-grands-crus-021.jpg\"><img loading=\"lazy\" width=\"800\" height=\"533\" src=\"https:\/\/www.lorenzovitalifoto.it\/site\/wp-content\/uploads\/2025\/11\/lorenzo_vitali_la-route-des-grands-crus-021.jpg\" alt=\"\" data-id=\"11318\" data-link=\"https:\/\/www.lorenzovitalifoto.it\/site\/?attachment_id=11318\" class=\"wp-image-11318\" srcset=\"https:\/\/www.lorenzovitalifoto.it\/site\/wp-content\/uploads\/2025\/11\/lorenzo_vitali_la-route-des-grands-crus-021.jpg 800w, https:\/\/www.lorenzovitalifoto.it\/site\/wp-content\/uploads\/2025\/11\/lorenzo_vitali_la-route-des-grands-crus-021-300x200.jpg 300w, https:\/\/www.lorenzovitalifoto.it\/site\/wp-content\/uploads\/2025\/11\/lorenzo_vitali_la-route-des-grands-crus-021-768x512.jpg 768w, https:\/\/www.lorenzovitalifoto.it\/site\/wp-content\/uploads\/2025\/11\/lorenzo_vitali_la-route-des-grands-crus-021-600x400.jpg 600w, https:\/\/www.lorenzovitalifoto.it\/site\/wp-content\/uploads\/2025\/11\/lorenzo_vitali_la-route-des-grands-crus-021-460x306.jpg 460w, https:\/\/www.lorenzovitalifoto.it\/site\/wp-content\/uploads\/2025\/11\/lorenzo_vitali_la-route-des-grands-crus-021-688x458.jpg 688w\" sizes=\"(max-width: 800px) 100vw, 800px\" \/><\/a><\/figure><\/li><\/ul><\/figure>\n","protected":false},"excerpt":{"rendered":"<p>Percorrere i circa 60 km della Route des Grands Crus in Borgogna, piccolo territorio francese Patrimonio Unesco, da Dijon a Nuits-St-Georges e da Beaune a Santenay significa entrare profondamente in contatto con la terra del vino e i suoi vitigni: chablis, a nord est, chardonnay&nbsp;e&nbsp;pinot noir&nbsp;in C\u00f4te d&#8217;Or e C\u00f4te de Nuit. Si tratta di &#8230;<\/p>\n","protected":false},"author":2,"featured_media":11319,"comment_status":"closed","ping_status":"open","sticky":false,"template":"","format":"standard","meta":[],"categories":[47],"tags":[],"_links":{"self":[{"href":"https:\/\/www.lorenzovitalifoto.it\/site\/wp-json\/wp\/v2\/posts\/11297"}],"collection":[{"href":"https:\/\/www.lorenzovitalifoto.it\/site\/wp-json\/wp\/v2\/posts"}],"about":[{"href":"https:\/\/www.lorenzovitalifoto.it\/site\/wp-json\/wp\/v2\/types\/post"}],"author":[{"embeddable":true,"href":"https:\/\/www.lorenzovitalifoto.it\/site\/wp-json\/wp\/v2\/users\/2"}],"replies":[{"embeddable":true,"href":"https:\/\/www.lorenzovitalifoto.it\/site\/wp-json\/wp\/v2\/comments?post=11297"}],"version-history":[{"count":3,"href":"https:\/\/www.lorenzovitalifoto.it\/site\/wp-json\/wp\/v2\/posts\/11297\/revisions"}],"predecessor-version":[{"id":11365,"href":"https:\/\/www.lorenzovitalifoto.it\/site\/wp-json\/wp\/v2\/posts\/11297\/revisions\/11365"}],"wp:featuredmedia":[{"embeddable":true,"href":"https:\/\/www.lorenzovitalifoto.it\/site\/wp-json\/wp\/v2\/media\/11319"}],"wp:attachment":[{"href":"https:\/\/www.lorenzovitalifoto.it\/site\/wp-json\/wp\/v2\/media?parent=11297"}],"wp:term":[{"taxonomy":"category","embeddable":true,"href":"https:\/\/www.lorenzovitalifoto.it\/site\/wp-json\/wp\/v2\/categories?post=11297"},{"taxonomy":"post_tag","embeddable":true,"href":"https:\/\/www.lorenzovitalifoto.it\/site\/wp-json\/wp\/v2\/tags?post=11297"}],"curies":[{"name":"wp","href":"https:\/\/api.w.org\/{rel}","templated":true}]}}