{"id":11265,"date":"2025-11-07T14:20:49","date_gmt":"2025-11-07T13:20:49","guid":{"rendered":"https:\/\/www.lorenzovitalifoto.it\/site\/?p=11265"},"modified":"2025-11-12T11:00:19","modified_gmt":"2025-11-12T10:00:19","slug":"personal-exhibition-2025","status":"publish","type":"post","link":"https:\/\/www.lorenzovitalifoto.it\/site\/personal-exhibition-2025\/","title":{"rendered":"Personal Exhibition 2025"},"content":{"rendered":"\n<p><strong>Dall&#8217;8 novembre al 2 dicembre 2025 presso la Galleria Forni di Bologna<\/strong><\/p>\n\n\n\n<p><strong>From November 8th to December 2nd 2025 at the Forni Gallery in Bologna<\/strong><\/p>\n\n\n\n<p><strong>Viaggio in Italia &#8211; My Inner Colors<\/strong><\/p>\n\n\n\n<p>Sono cinque i cicli fotografici presi in esame in occasione di questa mostra personale di Lorenzo<br>Vitali alla Galleria Forni, realizzati in diverse localit\u00e0 italiane: The Ascent a Matera, Stone Tales in Valle<br>d\u2019Itria, Vanishing Venice a Venezia, They have gone nel basso Piave, Yellow gaze nel Chianti.<br>Il linguaggio fotografico potrebbe definirsi \u201cillustrativo\u201d, tanto che l\u2019obiettivo della fotocamera di Vitali<br>sembra percorrere con lentezza la campagna o i centri urbani catturando quell\u2019atmosfera incantata<br>che si riconnette direttamente ad un magico mondo antico, in alcuni casi arcaico, dando vita ad un<br>immaginario fuori dal tempo. Il punto di ripresa determina l\u2019inquadratura, focalizzando l\u2019attenzione<br>ora sul terreno, la pavimentazione, ora sulle architetture o pi\u00f9 raramente, sulla vegetazione. Sempre<br>sotto un grande cielo dominante, spesso rappresentato da ampie campiture uniformi, realizzate in<br>post-produzione.<br>Ciascuna serie \u00e8 contraddistinta da un colore. L\u2019aspetto cromatico gioca in effetti un ruolo<br>fondamentale nella ricerca artistica di Vitali, \u00e8 l\u2019espressione del mood che un determinato luogo<br>instilla nel suo animo, il suo \u201cInner Color\u201d, come indica il sottotitolo della mostra e come Vitali stesso<br>ama definirlo, il suo \u201ccolore interiore\u201d, che trova spesso nel cielo la nota pi\u00f9 evidente.<br>In alcuni casi si tratta di un colore pantone, piatto, uniforme, saturo, in netto contrasto con i volumi e<br>i chiaroscuri del paesaggio rappresentato. In altri casi pi\u00f9 trasparente, meno uniforme, rivela striature<br>di nubi e rifrazioni, ma in ogni caso sempre giocato su diversi toni di un unico colore.<br>Ciascuna serie presenta peculiarit\u00e0 che, insieme al cielo, concorrono a caratterizzare l\u2019identit\u00e0 del<br>luogo. Gli elementi architettonici innanzitutto, quali tracce del passato, testimonianze dell\u2019abilit\u00e0<br>fisica e cognitiva del genere umano di progredire e di creare il proprio habitat.<br>Ci\u00f2 che si mantiene costante nei diversi cicli \u00e8 una persistente ricerca finalizzata a tradurre in<br>immagini il \u201csenso\u201d dei luoghi ripresi, ci\u00f2 che pi\u00f9 intimamente li caratterizza, il genius loci.<\/p>\n\n\n\n<p>BASSO PIAVE &#8211; THEY HAVE GONE (2023) Paesaggi di pianura caratterizzati dalla presenza di un particolare<br>tipo di architettura, le case coloniche, che si diffusero come modello costruttivo fra il 1880 e il 1935 con la<br>funzione di fornire un\u2019abitazione ai braccianti che lavoravano con contratti di mezzadria. Attraverso i suoi<br>scatti l\u2019autore intende restituire nuova vita a questi edifici apparentemente \u201cdimenticati\u201d, cogliendone la<br>ritrosa poeticit\u00e0. Vite passate s\u2019intuiscono all\u2019interno ed intorno a questi monumenti di una realt\u00e0<br>contadina, ormai estinta. Dinosauri di pietra marcano il territorio, quasi un monito a non scordare chi qui<br>ha gioito, sofferto e lavorato duramente e operosamente.<\/p>\n\n\n\n<p><br>MATERA &#8211; THE ASCENT (l\u2019ascesa) (2021)<br>Immagini realizzate tra Sasso Caveoso e Sasso Barisano, due profonde depressioni a forma di cono<br>rovesciato che ospitano da tempi remoti strutture abitative. Dopo l\u2019immersione nelle profondit\u00e0 dei Sassi,<br>risalirne significa ritrovare la luce e percepire gli spazi in maniera differente, pi\u00f9 ampi di quanto essi siano<br>realmente. Il lungo percorso di risalita, disseminato di piccoli slarghi e vicoli, offre alla vista scenari<br>sorprendenti: affacci improvvisi, luci accecanti, ombre imponenti, suggestivi scorci. Ovunque si percepisce<br>la matericit\u00e0 del tufo.<\/p>\n\n\n\n<p><br>CHIANTI \u2013 YELLOW GAZE (2025)<br>Sotto un cielo assolato, tra le colline che contornano i borghi di Gaiole e Radda, i filari di viti si alternano<br>ai querceti e all\u2019onnipresente cipresso, tra luci calde ed accoglienti e aperture di cielo improvvise. Le<br>tipiche case coloniche appaiono, sorprendendoci, dietro una curva o in cima ad una collina. Questi solidi<br>edifici sono spesso caratterizzati da una torretta colombaia ed iniziarono dal XIII secolo a connotare<br>sempre pi\u00f9 il paesaggio di queste zone. Sono testimonianza secolare della mezzadria ma, a differenza di<br>quanto accaduto in altre regioni, mantengono tuttora una funzione abitativa che le preserva dal<br>degrado.<\/p>\n\n\n\n<p><br>VALLE D\u2019ITRIA &#8211; STONE TALES (2025)<br>Realizzato in quella depressione carsica che si estende tra le province di Bari, Brindisi e Taranto, il progetto<br>mostra in una dimensione fiabesca la sopravvivenza di siti abitativi molto antichi che rivivono con<br>prepotenza nel paesaggio e nel presente. I complessi di trulli, costruiti con pietra locale e risalenti al<br>Medioevo si installano su antichissimi insediamenti umani e ricordano le forme delle tombe preistoriche. Le<br>masserie, per lo pi\u00f9 sei-settecentesche, si caratterizzano nel paesaggio per semplicit\u00e0 delle forme, per<br>imponenza dei volumi e per il biancore accecante dell\u2019intonaco o della pietra cruda, che costituisce<br>il leitmotiv di molte immagini.<\/p>\n\n\n\n<p><br>VENEZIA &#8211; VANISHING VENICE (2024)<br>Nelle architetture di questa seducente citt\u00e0 convivono stili diversi: bizantino, gotico, rinascimentale,<br>barocco. Un\u2019atmosfera nebbiosa definisce come l\u2019identit\u00e0 stilistica originaria sfumi in altre forme attraverso<br>una stratificazione architettonica additiva, trasfigurando i lineamenti delle architetture e definendo nuove<br>identit\u00e0. Antichi palazzi o case modeste convivono in un unico insieme armonico e vitale. Il linguaggio<br>fotografico suggerisce una visione incantata, fluida, e sfumata che ci porta quasi nell\u2019irrealt\u00e0. In questa<br>irripetibile citt\u00e0, i luoghi e le prospettive sembrano infiniti e sempre diversi, eppure percorrendola si ha la<br>sensazione di non poter essere altrove che a Venezia.<\/p>\n\n\n\n<p><strong>Viaggio in Italia &#8211; My Inner Colors<\/strong><\/p>\n\n\n<p>Five photographic cycles are examined for this solo exhibition by Lorenzo<br>Vitali at the Galleria Forni, taken in various Italian locations: The Ascent in Matera, Stone Tales in the Itria Valley, Vanishing Venice in Venice, They Have Gone in the Lower Piave River, and Yellow Gaze in Chianti.<br>The photographic language could be defined as &#8220;illustrative,&#8221; so much so that Vitali&#8217;s camera lens seems to slowly traverse the countryside or urban centers, capturing that enchanted atmosphere that directly connects to a magical, ancient, in some cases archaic world, giving life to a timeless imagery. The shooting point determines the framing, focusing attention now on the ground, the pavement, now on the architecture, or more rarely, on the vegetation. Always under a large, dominant sky, often represented by large, uniform fields, created in post-production.<br>Each series is distinguished by a color. Chromaticity plays a fundamental role in Vitali&#8217;s artistic research; it is the expression of the mood that a particular place instills in his soul, his &#8220;Inner Color,&#8221; as the subtitle of the exhibition indicates and as Vitali himself likes to define it, his &#8220;inner color,&#8221; which often finds its most evident note in the sky.<br>In some cases, it is a Pantone color: flat, uniform, saturated, in stark contrast with the volumes and<br>chiaroscuro of the landscape depicted. In other cases, more transparent, less uniform, it reveals streaks<br>of clouds and refractions, but in any case, it always plays on different tones of a single color.<br>Each series presents peculiarities that, together with the sky, contribute to characterizing the identity of the<br>place. Architectural elements, first and foremost, as traces of the past, evidence of the human race&#8217;s physical and cognitive ability to progress and create its own habitat. What remains constant across the various cycles is a persistent quest to translate into images the &#8220;sense&#8221; of the places captured, what most intimately characterizes them, the genius loci.<\/p>\n<p>BASSO PIAVE &#8211; THEY HAVE GONE (2023) Lowland landscapes characterized by the presence of a particular type of architecture, farmhouses, which spread as a building model between 1880 and 1935 with the function of providing housing for sharecropping laborers. Through his shots, the author intends to breathe new life into these apparently &#8220;forgotten&#8221; buildings, capturing their shy poetic nature. Past lives can be glimpsed within and around these monuments of a now extinct rural reality. Stone dinosaurs mark the territory, almost a warning not to forget those who rejoiced, suffered, and worked hard and industrious here.<\/p>\n<p>MATERA &#8211; THE ASCENT (2021) Images taken between Sasso Caveoso and Sasso Barisano, two deep depressions shaped like inverted cones that have housed dwellings since ancient times. After diving into the depths of the Sassi, climbing back up means rediscovering the light and perceiving the spaces differently, larger than they really are. The long ascent route, dotted with small open spaces and alleys, offers surprising views: sudden views, blinding lights, imposing shadows, evocative glimpses. Everywhere you can perceive the materiality of the tuff.<\/p>\n<p>CHIANTI \u2013 YELLOW GAZE (2025)<br>Under a sunny sky, among the hills surrounding the villages of Gaiole and Radda, the rows of vines alternate<br>with oak groves and the omnipresent cypress, amidst warm, welcoming lights and sudden openings of sky. The<br>typical farmhouses appear, surprising us, around a bend or on top of a hill. These solid<br>buildings are often characterised by a dovecote tower and began to increasingly characterise the landscape of these areas from the 13th century. They are a centuries-old testimony to sharecropping but, unlike what happened in other regions, they still maintain a residential function that preserves them from degradation.<\/p>\n<p>ITRIA VALLEY &#8211; STONE TALES (2025) Built in the karst depression that extends between the provinces of Bari, Brindisi and Taranto, the project shows in a fairy-tale dimension the survival of very ancient settlements that live forcefully in the landscape and in the present. The trulli complexes, built with local stone and dating back to the Middle Ages, are installed on ancient human settlements and recall the shapes of prehistoric tombs. The masserie, mostly from the 17th and 18th centuries, are characterised in the landscape by the simplicity of their forms, the imposing volumes and the blinding whiteness of the plaster or raw stone, which constitutes the leitmotif of many images.<\/p>\n<p>VENICE &#8211; VANISHING VENICE (2024)<br>Different styles coexist in the architecture of this seductive city: Byzantine, Gothic, Renaissance,<br>Baroque. A hazy atmosphere defines how the original stylistic identity fades into other forms through<br>an additive architectural stratification, transfiguring the architectural features and defining new identities. Ancient palaces or modest houses coexist in a single, harmonious and vital whole. The photographic<br>language suggests an enchanted, fluid, and nuanced vision that almost transports us to unreality. In this<br>unique city, the places and perspectives seem infinite and ever-changing, yet walking through it one has the<br>sensation of being nowhere else but Venice.<\/p>\n<p><\/p>\n<p><!-- \/wp:paragraph --><\/p>\n<p><!-- wp:paragraph --><\/p>\n<p><!-- wp:gallery {\"ids\":[11266],\"linkTo\":\"file\"} --><\/p>\n<figure class=\"wp-block-gallery columns-1 is-cropped\">\n<ul class=\"blocks-gallery-grid\">\n<li class=\"blocks-gallery-item\">\n<figure><a href=\"https:\/\/www.lorenzovitalifoto.it\/site\/wp-content\/uploads\/2025\/11\/9436dd85-f2de-4755-8157-fbe80cbd6693.jpg\"><img loading=\"lazy\" width=\"1024\" height=\"683\" src=\"https:\/\/www.lorenzovitalifoto.it\/site\/wp-content\/uploads\/2025\/11\/9436dd85-f2de-4755-8157-fbe80cbd6693-1024x683.jpg\" alt=\"\" data-id=\"11266\" data-full-url=\"https:\/\/www.lorenzovitalifoto.it\/site\/wp-content\/uploads\/2025\/11\/9436dd85-f2de-4755-8157-fbe80cbd6693.jpg\" data-link=\"https:\/\/www.lorenzovitalifoto.it\/site\/?attachment_id=11266\" class=\"wp-image-11266\" srcset=\"https:\/\/www.lorenzovitalifoto.it\/site\/wp-content\/uploads\/2025\/11\/9436dd85-f2de-4755-8157-fbe80cbd6693-1024x683.jpg 1024w, https:\/\/www.lorenzovitalifoto.it\/site\/wp-content\/uploads\/2025\/11\/9436dd85-f2de-4755-8157-fbe80cbd6693-300x200.jpg 300w, https:\/\/www.lorenzovitalifoto.it\/site\/wp-content\/uploads\/2025\/11\/9436dd85-f2de-4755-8157-fbe80cbd6693-768x512.jpg 768w, https:\/\/www.lorenzovitalifoto.it\/site\/wp-content\/uploads\/2025\/11\/9436dd85-f2de-4755-8157-fbe80cbd6693-1536x1024.jpg 1536w, https:\/\/www.lorenzovitalifoto.it\/site\/wp-content\/uploads\/2025\/11\/9436dd85-f2de-4755-8157-fbe80cbd6693-600x400.jpg 600w, https:\/\/www.lorenzovitalifoto.it\/site\/wp-content\/uploads\/2025\/11\/9436dd85-f2de-4755-8157-fbe80cbd6693-460x307.jpg 460w, https:\/\/www.lorenzovitalifoto.it\/site\/wp-content\/uploads\/2025\/11\/9436dd85-f2de-4755-8157-fbe80cbd6693-688x459.jpg 688w, https:\/\/www.lorenzovitalifoto.it\/site\/wp-content\/uploads\/2025\/11\/9436dd85-f2de-4755-8157-fbe80cbd6693.jpg 1600w\" sizes=\"(max-width: 1024px) 100vw, 1024px\" \/><\/a><\/figure>\n<\/li>\n<\/ul>\n<\/figure>\n<p><!-- \/wp:gallery --><\/p>\n<p><!-- wp:gallery {\"ids\":[11328,11329,11330,11331,11332,11333,11334,11335,11336,11337,11338,11339],\"columns\":1,\"linkTo\":\"file\"} --><\/p>\n<figure class=\"wp-block-gallery columns-1 is-cropped\">\n<ul class=\"blocks-gallery-grid\">\n<li class=\"blocks-gallery-item\">\n<figure><a href=\"https:\/\/www.lorenzovitalifoto.it\/site\/wp-content\/uploads\/2025\/11\/lorenzo_vitali_personale-Bologna-001.jpg\"><img loading=\"lazy\" width=\"800\" height=\"557\" src=\"https:\/\/www.lorenzovitalifoto.it\/site\/wp-content\/uploads\/2025\/11\/lorenzo_vitali_personale-Bologna-001.jpg\" alt=\"\" data-id=\"11328\" data-full-url=\"https:\/\/www.lorenzovitalifoto.it\/site\/wp-content\/uploads\/2025\/11\/lorenzo_vitali_personale-Bologna-001.jpg\" data-link=\"https:\/\/www.lorenzovitalifoto.it\/site\/personal-exhibition-2025\/lorenzo_vitali_personale-bologna-001\/\" class=\"wp-image-11328\" srcset=\"https:\/\/www.lorenzovitalifoto.it\/site\/wp-content\/uploads\/2025\/11\/lorenzo_vitali_personale-Bologna-001.jpg 800w, https:\/\/www.lorenzovitalifoto.it\/site\/wp-content\/uploads\/2025\/11\/lorenzo_vitali_personale-Bologna-001-300x209.jpg 300w, https:\/\/www.lorenzovitalifoto.it\/site\/wp-content\/uploads\/2025\/11\/lorenzo_vitali_personale-Bologna-001-768x535.jpg 768w, https:\/\/www.lorenzovitalifoto.it\/site\/wp-content\/uploads\/2025\/11\/lorenzo_vitali_personale-Bologna-001-460x320.jpg 460w, https:\/\/www.lorenzovitalifoto.it\/site\/wp-content\/uploads\/2025\/11\/lorenzo_vitali_personale-Bologna-001-688x479.jpg 688w\" sizes=\"(max-width: 800px) 100vw, 800px\" \/><\/a><\/figure>\n<\/li>\n<li class=\"blocks-gallery-item\">\n<figure><a href=\"https:\/\/www.lorenzovitalifoto.it\/site\/wp-content\/uploads\/2025\/11\/lorenzo_vitali_personale-Bologna-002.jpg\"><img loading=\"lazy\" width=\"800\" height=\"600\" src=\"https:\/\/www.lorenzovitalifoto.it\/site\/wp-content\/uploads\/2025\/11\/lorenzo_vitali_personale-Bologna-002.jpg\" alt=\"\" data-id=\"11329\" data-full-url=\"https:\/\/www.lorenzovitalifoto.it\/site\/wp-content\/uploads\/2025\/11\/lorenzo_vitali_personale-Bologna-002.jpg\" data-link=\"https:\/\/www.lorenzovitalifoto.it\/site\/personal-exhibition-2025\/lorenzo_vitali_personale-bologna-002\/\" class=\"wp-image-11329\" srcset=\"https:\/\/www.lorenzovitalifoto.it\/site\/wp-content\/uploads\/2025\/11\/lorenzo_vitali_personale-Bologna-002.jpg 800w, https:\/\/www.lorenzovitalifoto.it\/site\/wp-content\/uploads\/2025\/11\/lorenzo_vitali_personale-Bologna-002-300x225.jpg 300w, https:\/\/www.lorenzovitalifoto.it\/site\/wp-content\/uploads\/2025\/11\/lorenzo_vitali_personale-Bologna-002-768x576.jpg 768w, https:\/\/www.lorenzovitalifoto.it\/site\/wp-content\/uploads\/2025\/11\/lorenzo_vitali_personale-Bologna-002-460x345.jpg 460w, https:\/\/www.lorenzovitalifoto.it\/site\/wp-content\/uploads\/2025\/11\/lorenzo_vitali_personale-Bologna-002-688x516.jpg 688w\" sizes=\"(max-width: 800px) 100vw, 800px\" \/><\/a><\/figure>\n<\/li>\n<li class=\"blocks-gallery-item\">\n<figure><a href=\"https:\/\/www.lorenzovitalifoto.it\/site\/wp-content\/uploads\/2025\/11\/lorenzo_vitali_personale-Bologna-003.jpg\"><img loading=\"lazy\" width=\"800\" height=\"979\" src=\"https:\/\/www.lorenzovitalifoto.it\/site\/wp-content\/uploads\/2025\/11\/lorenzo_vitali_personale-Bologna-003.jpg\" alt=\"\" data-id=\"11330\" data-full-url=\"https:\/\/www.lorenzovitalifoto.it\/site\/wp-content\/uploads\/2025\/11\/lorenzo_vitali_personale-Bologna-003.jpg\" data-link=\"https:\/\/www.lorenzovitalifoto.it\/site\/personal-exhibition-2025\/lorenzo_vitali_personale-bologna-003\/\" class=\"wp-image-11330\" srcset=\"https:\/\/www.lorenzovitalifoto.it\/site\/wp-content\/uploads\/2025\/11\/lorenzo_vitali_personale-Bologna-003.jpg 800w, https:\/\/www.lorenzovitalifoto.it\/site\/wp-content\/uploads\/2025\/11\/lorenzo_vitali_personale-Bologna-003-245x300.jpg 245w, https:\/\/www.lorenzovitalifoto.it\/site\/wp-content\/uploads\/2025\/11\/lorenzo_vitali_personale-Bologna-003-768x940.jpg 768w, https:\/\/www.lorenzovitalifoto.it\/site\/wp-content\/uploads\/2025\/11\/lorenzo_vitali_personale-Bologna-003-284x348.jpg 284w, https:\/\/www.lorenzovitalifoto.it\/site\/wp-content\/uploads\/2025\/11\/lorenzo_vitali_personale-Bologna-003-688x842.jpg 688w\" sizes=\"(max-width: 800px) 100vw, 800px\" \/><\/a><\/figure>\n<\/li>\n<li class=\"blocks-gallery-item\">\n<figure><a href=\"https:\/\/www.lorenzovitalifoto.it\/site\/wp-content\/uploads\/2025\/11\/lorenzo_vitali_personale-Bologna-004.jpg\"><img loading=\"lazy\" width=\"800\" height=\"600\" src=\"https:\/\/www.lorenzovitalifoto.it\/site\/wp-content\/uploads\/2025\/11\/lorenzo_vitali_personale-Bologna-004.jpg\" alt=\"\" data-id=\"11331\" data-full-url=\"https:\/\/www.lorenzovitalifoto.it\/site\/wp-content\/uploads\/2025\/11\/lorenzo_vitali_personale-Bologna-004.jpg\" data-link=\"https:\/\/www.lorenzovitalifoto.it\/site\/personal-exhibition-2025\/lorenzo_vitali_personale-bologna-004\/\" class=\"wp-image-11331\" srcset=\"https:\/\/www.lorenzovitalifoto.it\/site\/wp-content\/uploads\/2025\/11\/lorenzo_vitali_personale-Bologna-004.jpg 800w, https:\/\/www.lorenzovitalifoto.it\/site\/wp-content\/uploads\/2025\/11\/lorenzo_vitali_personale-Bologna-004-300x225.jpg 300w, https:\/\/www.lorenzovitalifoto.it\/site\/wp-content\/uploads\/2025\/11\/lorenzo_vitali_personale-Bologna-004-768x576.jpg 768w, https:\/\/www.lorenzovitalifoto.it\/site\/wp-content\/uploads\/2025\/11\/lorenzo_vitali_personale-Bologna-004-460x345.jpg 460w, https:\/\/www.lorenzovitalifoto.it\/site\/wp-content\/uploads\/2025\/11\/lorenzo_vitali_personale-Bologna-004-688x516.jpg 688w\" sizes=\"(max-width: 800px) 100vw, 800px\" \/><\/a><\/figure>\n<\/li>\n<li class=\"blocks-gallery-item\">\n<figure><a href=\"https:\/\/www.lorenzovitalifoto.it\/site\/wp-content\/uploads\/2025\/11\/lorenzo_vitali_personale-Bologna-005.jpg\"><img loading=\"lazy\" width=\"800\" height=\"600\" src=\"https:\/\/www.lorenzovitalifoto.it\/site\/wp-content\/uploads\/2025\/11\/lorenzo_vitali_personale-Bologna-005.jpg\" alt=\"\" data-id=\"11332\" data-full-url=\"https:\/\/www.lorenzovitalifoto.it\/site\/wp-content\/uploads\/2025\/11\/lorenzo_vitali_personale-Bologna-005.jpg\" data-link=\"https:\/\/www.lorenzovitalifoto.it\/site\/personal-exhibition-2025\/lorenzo_vitali_personale-bologna-005\/\" class=\"wp-image-11332\" srcset=\"https:\/\/www.lorenzovitalifoto.it\/site\/wp-content\/uploads\/2025\/11\/lorenzo_vitali_personale-Bologna-005.jpg 800w, https:\/\/www.lorenzovitalifoto.it\/site\/wp-content\/uploads\/2025\/11\/lorenzo_vitali_personale-Bologna-005-300x225.jpg 300w, https:\/\/www.lorenzovitalifoto.it\/site\/wp-content\/uploads\/2025\/11\/lorenzo_vitali_personale-Bologna-005-768x576.jpg 768w, https:\/\/www.lorenzovitalifoto.it\/site\/wp-content\/uploads\/2025\/11\/lorenzo_vitali_personale-Bologna-005-460x345.jpg 460w, https:\/\/www.lorenzovitalifoto.it\/site\/wp-content\/uploads\/2025\/11\/lorenzo_vitali_personale-Bologna-005-688x516.jpg 688w\" sizes=\"(max-width: 800px) 100vw, 800px\" \/><\/a><\/figure>\n<\/li>\n<li class=\"blocks-gallery-item\">\n<figure><a href=\"https:\/\/www.lorenzovitalifoto.it\/site\/wp-content\/uploads\/2025\/11\/lorenzo_vitali_personale-Bologna-006.jpg\"><img loading=\"lazy\" width=\"800\" height=\"600\" src=\"https:\/\/www.lorenzovitalifoto.it\/site\/wp-content\/uploads\/2025\/11\/lorenzo_vitali_personale-Bologna-006.jpg\" alt=\"\" data-id=\"11333\" data-full-url=\"https:\/\/www.lorenzovitalifoto.it\/site\/wp-content\/uploads\/2025\/11\/lorenzo_vitali_personale-Bologna-006.jpg\" data-link=\"https:\/\/www.lorenzovitalifoto.it\/site\/personal-exhibition-2025\/lorenzo_vitali_personale-bologna-006\/\" class=\"wp-image-11333\" srcset=\"https:\/\/www.lorenzovitalifoto.it\/site\/wp-content\/uploads\/2025\/11\/lorenzo_vitali_personale-Bologna-006.jpg 800w, https:\/\/www.lorenzovitalifoto.it\/site\/wp-content\/uploads\/2025\/11\/lorenzo_vitali_personale-Bologna-006-300x225.jpg 300w, https:\/\/www.lorenzovitalifoto.it\/site\/wp-content\/uploads\/2025\/11\/lorenzo_vitali_personale-Bologna-006-768x576.jpg 768w, https:\/\/www.lorenzovitalifoto.it\/site\/wp-content\/uploads\/2025\/11\/lorenzo_vitali_personale-Bologna-006-460x345.jpg 460w, https:\/\/www.lorenzovitalifoto.it\/site\/wp-content\/uploads\/2025\/11\/lorenzo_vitali_personale-Bologna-006-688x516.jpg 688w\" sizes=\"(max-width: 800px) 100vw, 800px\" \/><\/a><\/figure>\n<\/li>\n<li class=\"blocks-gallery-item\">\n<figure><a href=\"https:\/\/www.lorenzovitalifoto.it\/site\/wp-content\/uploads\/2025\/11\/lorenzo_vitali_personale-Bologna-007.jpg\"><img loading=\"lazy\" width=\"800\" height=\"600\" src=\"https:\/\/www.lorenzovitalifoto.it\/site\/wp-content\/uploads\/2025\/11\/lorenzo_vitali_personale-Bologna-007.jpg\" alt=\"\" data-id=\"11334\" data-full-url=\"https:\/\/www.lorenzovitalifoto.it\/site\/wp-content\/uploads\/2025\/11\/lorenzo_vitali_personale-Bologna-007.jpg\" data-link=\"https:\/\/www.lorenzovitalifoto.it\/site\/personal-exhibition-2025\/lorenzo_vitali_personale-bologna-007\/\" class=\"wp-image-11334\" srcset=\"https:\/\/www.lorenzovitalifoto.it\/site\/wp-content\/uploads\/2025\/11\/lorenzo_vitali_personale-Bologna-007.jpg 800w, https:\/\/www.lorenzovitalifoto.it\/site\/wp-content\/uploads\/2025\/11\/lorenzo_vitali_personale-Bologna-007-300x225.jpg 300w, https:\/\/www.lorenzovitalifoto.it\/site\/wp-content\/uploads\/2025\/11\/lorenzo_vitali_personale-Bologna-007-768x576.jpg 768w, https:\/\/www.lorenzovitalifoto.it\/site\/wp-content\/uploads\/2025\/11\/lorenzo_vitali_personale-Bologna-007-460x345.jpg 460w, https:\/\/www.lorenzovitalifoto.it\/site\/wp-content\/uploads\/2025\/11\/lorenzo_vitali_personale-Bologna-007-688x516.jpg 688w\" sizes=\"(max-width: 800px) 100vw, 800px\" \/><\/a><\/figure>\n<\/li>\n<li class=\"blocks-gallery-item\">\n<figure><a href=\"https:\/\/www.lorenzovitalifoto.it\/site\/wp-content\/uploads\/2025\/11\/lorenzo_vitali_personale-Bologna-008.jpg\"><img loading=\"lazy\" width=\"800\" height=\"600\" src=\"https:\/\/www.lorenzovitalifoto.it\/site\/wp-content\/uploads\/2025\/11\/lorenzo_vitali_personale-Bologna-008.jpg\" alt=\"\" data-id=\"11335\" data-full-url=\"https:\/\/www.lorenzovitalifoto.it\/site\/wp-content\/uploads\/2025\/11\/lorenzo_vitali_personale-Bologna-008.jpg\" data-link=\"https:\/\/www.lorenzovitalifoto.it\/site\/personal-exhibition-2025\/lorenzo_vitali_personale-bologna-008\/\" class=\"wp-image-11335\" srcset=\"https:\/\/www.lorenzovitalifoto.it\/site\/wp-content\/uploads\/2025\/11\/lorenzo_vitali_personale-Bologna-008.jpg 800w, https:\/\/www.lorenzovitalifoto.it\/site\/wp-content\/uploads\/2025\/11\/lorenzo_vitali_personale-Bologna-008-300x225.jpg 300w, https:\/\/www.lorenzovitalifoto.it\/site\/wp-content\/uploads\/2025\/11\/lorenzo_vitali_personale-Bologna-008-768x576.jpg 768w, https:\/\/www.lorenzovitalifoto.it\/site\/wp-content\/uploads\/2025\/11\/lorenzo_vitali_personale-Bologna-008-460x345.jpg 460w, https:\/\/www.lorenzovitalifoto.it\/site\/wp-content\/uploads\/2025\/11\/lorenzo_vitali_personale-Bologna-008-688x516.jpg 688w\" sizes=\"(max-width: 800px) 100vw, 800px\" \/><\/a><\/figure>\n<\/li>\n<li class=\"blocks-gallery-item\">\n<figure><a href=\"https:\/\/www.lorenzovitalifoto.it\/site\/wp-content\/uploads\/2025\/11\/lorenzo_vitali_personale-Bologna-009.jpg\"><img loading=\"lazy\" width=\"800\" height=\"575\" src=\"https:\/\/www.lorenzovitalifoto.it\/site\/wp-content\/uploads\/2025\/11\/lorenzo_vitali_personale-Bologna-009.jpg\" alt=\"\" data-id=\"11336\" data-full-url=\"https:\/\/www.lorenzovitalifoto.it\/site\/wp-content\/uploads\/2025\/11\/lorenzo_vitali_personale-Bologna-009.jpg\" data-link=\"https:\/\/www.lorenzovitalifoto.it\/site\/personal-exhibition-2025\/lorenzo_vitali_personale-bologna-009\/\" class=\"wp-image-11336\" srcset=\"https:\/\/www.lorenzovitalifoto.it\/site\/wp-content\/uploads\/2025\/11\/lorenzo_vitali_personale-Bologna-009.jpg 800w, https:\/\/www.lorenzovitalifoto.it\/site\/wp-content\/uploads\/2025\/11\/lorenzo_vitali_personale-Bologna-009-300x216.jpg 300w, https:\/\/www.lorenzovitalifoto.it\/site\/wp-content\/uploads\/2025\/11\/lorenzo_vitali_personale-Bologna-009-768x552.jpg 768w, https:\/\/www.lorenzovitalifoto.it\/site\/wp-content\/uploads\/2025\/11\/lorenzo_vitali_personale-Bologna-009-460x331.jpg 460w, https:\/\/www.lorenzovitalifoto.it\/site\/wp-content\/uploads\/2025\/11\/lorenzo_vitali_personale-Bologna-009-688x495.jpg 688w\" sizes=\"(max-width: 800px) 100vw, 800px\" \/><\/a><\/figure>\n<\/li>\n<li class=\"blocks-gallery-item\">\n<figure><a href=\"https:\/\/www.lorenzovitalifoto.it\/site\/wp-content\/uploads\/2025\/11\/lorenzo_vitali_personale-Bologna-010.jpg\"><img loading=\"lazy\" width=\"800\" height=\"600\" src=\"https:\/\/www.lorenzovitalifoto.it\/site\/wp-content\/uploads\/2025\/11\/lorenzo_vitali_personale-Bologna-010.jpg\" alt=\"\" data-id=\"11337\" data-full-url=\"https:\/\/www.lorenzovitalifoto.it\/site\/wp-content\/uploads\/2025\/11\/lorenzo_vitali_personale-Bologna-010.jpg\" data-link=\"https:\/\/www.lorenzovitalifoto.it\/site\/personal-exhibition-2025\/lorenzo_vitali_personale-bologna-010\/\" class=\"wp-image-11337\" srcset=\"https:\/\/www.lorenzovitalifoto.it\/site\/wp-content\/uploads\/2025\/11\/lorenzo_vitali_personale-Bologna-010.jpg 800w, https:\/\/www.lorenzovitalifoto.it\/site\/wp-content\/uploads\/2025\/11\/lorenzo_vitali_personale-Bologna-010-300x225.jpg 300w, https:\/\/www.lorenzovitalifoto.it\/site\/wp-content\/uploads\/2025\/11\/lorenzo_vitali_personale-Bologna-010-768x576.jpg 768w, https:\/\/www.lorenzovitalifoto.it\/site\/wp-content\/uploads\/2025\/11\/lorenzo_vitali_personale-Bologna-010-460x345.jpg 460w, https:\/\/www.lorenzovitalifoto.it\/site\/wp-content\/uploads\/2025\/11\/lorenzo_vitali_personale-Bologna-010-688x516.jpg 688w\" sizes=\"(max-width: 800px) 100vw, 800px\" \/><\/a><\/figure>\n<\/li>\n<li class=\"blocks-gallery-item\">\n<figure><a href=\"https:\/\/www.lorenzovitalifoto.it\/site\/wp-content\/uploads\/2025\/11\/lorenzo_vitali_personale-Bologna-011.jpg\"><img loading=\"lazy\" width=\"800\" height=\"600\" src=\"https:\/\/www.lorenzovitalifoto.it\/site\/wp-content\/uploads\/2025\/11\/lorenzo_vitali_personale-Bologna-011.jpg\" alt=\"\" data-id=\"11338\" data-full-url=\"https:\/\/www.lorenzovitalifoto.it\/site\/wp-content\/uploads\/2025\/11\/lorenzo_vitali_personale-Bologna-011.jpg\" data-link=\"https:\/\/www.lorenzovitalifoto.it\/site\/personal-exhibition-2025\/lorenzo_vitali_personale-bologna-011\/\" class=\"wp-image-11338\" srcset=\"https:\/\/www.lorenzovitalifoto.it\/site\/wp-content\/uploads\/2025\/11\/lorenzo_vitali_personale-Bologna-011.jpg 800w, https:\/\/www.lorenzovitalifoto.it\/site\/wp-content\/uploads\/2025\/11\/lorenzo_vitali_personale-Bologna-011-300x225.jpg 300w, https:\/\/www.lorenzovitalifoto.it\/site\/wp-content\/uploads\/2025\/11\/lorenzo_vitali_personale-Bologna-011-768x576.jpg 768w, https:\/\/www.lorenzovitalifoto.it\/site\/wp-content\/uploads\/2025\/11\/lorenzo_vitali_personale-Bologna-011-460x345.jpg 460w, https:\/\/www.lorenzovitalifoto.it\/site\/wp-content\/uploads\/2025\/11\/lorenzo_vitali_personale-Bologna-011-688x516.jpg 688w\" sizes=\"(max-width: 800px) 100vw, 800px\" \/><\/a><\/figure>\n<\/li>\n<li class=\"blocks-gallery-item\">\n<figure><a href=\"https:\/\/www.lorenzovitalifoto.it\/site\/wp-content\/uploads\/2025\/11\/lorenzo_vitali_personale-Bologna-012.jpg\"><img loading=\"lazy\" width=\"800\" height=\"557\" src=\"https:\/\/www.lorenzovitalifoto.it\/site\/wp-content\/uploads\/2025\/11\/lorenzo_vitali_personale-Bologna-012.jpg\" alt=\"\" data-id=\"11339\" data-full-url=\"https:\/\/www.lorenzovitalifoto.it\/site\/wp-content\/uploads\/2025\/11\/lorenzo_vitali_personale-Bologna-012.jpg\" data-link=\"https:\/\/www.lorenzovitalifoto.it\/site\/personal-exhibition-2025\/lorenzo_vitali_personale-bologna-012\/\" class=\"wp-image-11339\" srcset=\"https:\/\/www.lorenzovitalifoto.it\/site\/wp-content\/uploads\/2025\/11\/lorenzo_vitali_personale-Bologna-012.jpg 800w, https:\/\/www.lorenzovitalifoto.it\/site\/wp-content\/uploads\/2025\/11\/lorenzo_vitali_personale-Bologna-012-300x209.jpg 300w, https:\/\/www.lorenzovitalifoto.it\/site\/wp-content\/uploads\/2025\/11\/lorenzo_vitali_personale-Bologna-012-768x535.jpg 768w, https:\/\/www.lorenzovitalifoto.it\/site\/wp-content\/uploads\/2025\/11\/lorenzo_vitali_personale-Bologna-012-460x320.jpg 460w, https:\/\/www.lorenzovitalifoto.it\/site\/wp-content\/uploads\/2025\/11\/lorenzo_vitali_personale-Bologna-012-688x479.jpg 688w\" sizes=\"(max-width: 800px) 100vw, 800px\" \/><\/a><\/figure>\n<\/li>\n<\/ul>\n<\/figure>\n<p><!-- \/wp:gallery --><\/p>","protected":false},"excerpt":{"rendered":"<p>Dall&#8217;8 novembre al 2 dicembre 2025 presso la Galleria Forni di Bologna From November 8th to December 2nd 2025 at the Forni Gallery in Bologna Viaggio in Italia &#8211; My Inner Colors Sono cinque i cicli fotografici presi in esame in occasione di questa mostra personale di LorenzoVitali alla Galleria Forni, realizzati in diverse localit\u00e0 &#8230;<\/p>\n","protected":false},"author":2,"featured_media":11266,"comment_status":"closed","ping_status":"open","sticky":false,"template":"","format":"standard","meta":[],"categories":[82],"tags":[],"_links":{"self":[{"href":"https:\/\/www.lorenzovitalifoto.it\/site\/wp-json\/wp\/v2\/posts\/11265"}],"collection":[{"href":"https:\/\/www.lorenzovitalifoto.it\/site\/wp-json\/wp\/v2\/posts"}],"about":[{"href":"https:\/\/www.lorenzovitalifoto.it\/site\/wp-json\/wp\/v2\/types\/post"}],"author":[{"embeddable":true,"href":"https:\/\/www.lorenzovitalifoto.it\/site\/wp-json\/wp\/v2\/users\/2"}],"replies":[{"embeddable":true,"href":"https:\/\/www.lorenzovitalifoto.it\/site\/wp-json\/wp\/v2\/comments?post=11265"}],"version-history":[{"count":4,"href":"https:\/\/www.lorenzovitalifoto.it\/site\/wp-json\/wp\/v2\/posts\/11265\/revisions"}],"predecessor-version":[{"id":11344,"href":"https:\/\/www.lorenzovitalifoto.it\/site\/wp-json\/wp\/v2\/posts\/11265\/revisions\/11344"}],"wp:featuredmedia":[{"embeddable":true,"href":"https:\/\/www.lorenzovitalifoto.it\/site\/wp-json\/wp\/v2\/media\/11266"}],"wp:attachment":[{"href":"https:\/\/www.lorenzovitalifoto.it\/site\/wp-json\/wp\/v2\/media?parent=11265"}],"wp:term":[{"taxonomy":"category","embeddable":true,"href":"https:\/\/www.lorenzovitalifoto.it\/site\/wp-json\/wp\/v2\/categories?post=11265"},{"taxonomy":"post_tag","embeddable":true,"href":"https:\/\/www.lorenzovitalifoto.it\/site\/wp-json\/wp\/v2\/tags?post=11265"}],"curies":[{"name":"wp","href":"https:\/\/api.w.org\/{rel}","templated":true}]}}