{"id":10251,"date":"2023-10-03T16:35:00","date_gmt":"2023-10-03T15:35:00","guid":{"rendered":"https:\/\/www.lorenzovitalifoto.it\/site\/?p=10251"},"modified":"2024-05-07T12:23:44","modified_gmt":"2024-05-07T11:23:44","slug":"ideal-city-2","status":"publish","type":"post","link":"https:\/\/www.lorenzovitalifoto.it\/site\/ideal-city-2\/","title":{"rendered":"Ideal City, Riaperture Off 2021"},"content":{"rendered":"\n<p>Reopening-OFF circuit (Ferrara)<\/p>\n\n\n\n<p><\/p>\n\n\n\n<p><strong>Citt\u00e0 ideale<\/strong><\/p>\n\n\n\n<p>Mentre siamo travolti da eventi estremi, riprendere il dibattito rinascimentale sulla citt\u00e0 ideale (si cita La Citt\u00e0 ideale, Monastero di S. Chiara, Urbino, Autore sconosciuto) pu\u00f2 creare spunti di riflessione, utili a rileggere l&#8217;architettura di Milano. Si vuole nella proposta evidenziare il contrasto fra tale stimolo positivo e la fase di gravissima criticit\u00e0 che ha colpito il pianeta. Proprio da ci\u00f2 si genera una tensione di attesa che \u00e8 di fatto lo slancio ideale, che d\u00e0 un senso al tutto.<\/p>\n\n\n\n<p><strong>Ideal City<\/strong><\/p>\n\n\n\n<p>While we are overwhelmed by extreme events, revisiting the Renaissance debate on the ideal city (we cite The Ideal City, Monastery of S. Chiara, Urbino, Author unknown) can create food for thought, useful for rereading the architecture of Milan. The proposal aims to highlight the contrast between this positive stimulus and the very serious critical phase that has hit the planet. Precisely from this a tension of expectation is generated which is in fact the ideal impetus, which gives meaning to everything.<\/p>\n\n\n\n<figure class=\"wp-block-gallery columns-0 is-cropped\"><ul class=\"blocks-gallery-grid\"><\/ul><\/figure>\n\n\n\n<figure class=\"wp-block-image size-large\"><a href=\"https:\/\/www.lorenzovitalifoto.it\/site\/wp-content\/uploads\/2023\/10\/citta\u0300ideale0vitali.jpeg\"><img loading=\"lazy\" width=\"1024\" height=\"346\" src=\"https:\/\/www.lorenzovitalifoto.it\/site\/wp-content\/uploads\/2023\/10\/citta\u0300ideale0vitali-1024x346.jpeg\" alt=\"\" class=\"wp-image-10256\" srcset=\"https:\/\/www.lorenzovitalifoto.it\/site\/wp-content\/uploads\/2023\/10\/citta\u0300ideale0vitali-1024x346.jpeg 1024w, https:\/\/www.lorenzovitalifoto.it\/site\/wp-content\/uploads\/2023\/10\/citta\u0300ideale0vitali-300x101.jpeg 300w, https:\/\/www.lorenzovitalifoto.it\/site\/wp-content\/uploads\/2023\/10\/citta\u0300ideale0vitali-768x260.jpeg 768w, https:\/\/www.lorenzovitalifoto.it\/site\/wp-content\/uploads\/2023\/10\/citta\u0300ideale0vitali-1536x519.jpeg 1536w, https:\/\/www.lorenzovitalifoto.it\/site\/wp-content\/uploads\/2023\/10\/citta\u0300ideale0vitali-460x156.jpeg 460w, https:\/\/www.lorenzovitalifoto.it\/site\/wp-content\/uploads\/2023\/10\/citta\u0300ideale0vitali-688x233.jpeg 688w, https:\/\/www.lorenzovitalifoto.it\/site\/wp-content\/uploads\/2023\/10\/citta\u0300ideale0vitali.jpeg 1600w\" sizes=\"(max-width: 1024px) 100vw, 1024px\" \/><\/a><\/figure>\n\n\n\n<figure class=\"wp-block-image size-large\"><a href=\"https:\/\/www.lorenzovitalifoto.it\/site\/wp-content\/uploads\/2023\/10\/mostra.jpg\"><img loading=\"lazy\" width=\"800\" height=\"369\" src=\"https:\/\/www.lorenzovitalifoto.it\/site\/wp-content\/uploads\/2023\/10\/mostra.jpg\" alt=\"\" class=\"wp-image-10258\" srcset=\"https:\/\/www.lorenzovitalifoto.it\/site\/wp-content\/uploads\/2023\/10\/mostra.jpg 800w, https:\/\/www.lorenzovitalifoto.it\/site\/wp-content\/uploads\/2023\/10\/mostra-300x138.jpg 300w, https:\/\/www.lorenzovitalifoto.it\/site\/wp-content\/uploads\/2023\/10\/mostra-768x354.jpg 768w, https:\/\/www.lorenzovitalifoto.it\/site\/wp-content\/uploads\/2023\/10\/mostra-460x212.jpg 460w, https:\/\/www.lorenzovitalifoto.it\/site\/wp-content\/uploads\/2023\/10\/mostra-688x317.jpg 688w\" sizes=\"(max-width: 800px) 100vw, 800px\" \/><\/a><\/figure>\n","protected":false},"excerpt":{"rendered":"<p>Reopening-OFF circuit (Ferrara) Citt\u00e0 ideale Mentre siamo travolti da eventi estremi, riprendere il dibattito rinascimentale sulla citt\u00e0 ideale (si cita La Citt\u00e0 ideale, Monastero di S. Chiara, Urbino, Autore sconosciuto) pu\u00f2 creare spunti di riflessione, utili a rileggere l&#8217;architettura di Milano. Si vuole nella proposta evidenziare il contrasto fra tale stimolo positivo e la fase &#8230;<\/p>\n","protected":false},"author":2,"featured_media":10252,"comment_status":"closed","ping_status":"closed","sticky":false,"template":"","format":"standard","meta":[],"categories":[82],"tags":[],"_links":{"self":[{"href":"https:\/\/www.lorenzovitalifoto.it\/site\/wp-json\/wp\/v2\/posts\/10251"}],"collection":[{"href":"https:\/\/www.lorenzovitalifoto.it\/site\/wp-json\/wp\/v2\/posts"}],"about":[{"href":"https:\/\/www.lorenzovitalifoto.it\/site\/wp-json\/wp\/v2\/types\/post"}],"author":[{"embeddable":true,"href":"https:\/\/www.lorenzovitalifoto.it\/site\/wp-json\/wp\/v2\/users\/2"}],"replies":[{"embeddable":true,"href":"https:\/\/www.lorenzovitalifoto.it\/site\/wp-json\/wp\/v2\/comments?post=10251"}],"version-history":[{"count":6,"href":"https:\/\/www.lorenzovitalifoto.it\/site\/wp-json\/wp\/v2\/posts\/10251\/revisions"}],"predecessor-version":[{"id":10582,"href":"https:\/\/www.lorenzovitalifoto.it\/site\/wp-json\/wp\/v2\/posts\/10251\/revisions\/10582"}],"wp:featuredmedia":[{"embeddable":true,"href":"https:\/\/www.lorenzovitalifoto.it\/site\/wp-json\/wp\/v2\/media\/10252"}],"wp:attachment":[{"href":"https:\/\/www.lorenzovitalifoto.it\/site\/wp-json\/wp\/v2\/media?parent=10251"}],"wp:term":[{"taxonomy":"category","embeddable":true,"href":"https:\/\/www.lorenzovitalifoto.it\/site\/wp-json\/wp\/v2\/categories?post=10251"},{"taxonomy":"post_tag","embeddable":true,"href":"https:\/\/www.lorenzovitalifoto.it\/site\/wp-json\/wp\/v2\/tags?post=10251"}],"curies":[{"name":"wp","href":"https:\/\/api.w.org\/{rel}","templated":true}]}}